{"id":8052,"date":"2013-08-16T16:19:25","date_gmt":"2013-08-16T14:19:25","guid":{"rendered":"http:\/\/archivio.comune.potenza.it\/comune_wp\/?p=8052"},"modified":"2013-08-16T16:19:25","modified_gmt":"2013-08-16T14:19:25","slug":"salvatore-lacerra-mal-mpa-tempo-di-scelte","status":"publish","type":"post","link":"https:\/\/archivio.comune.potenza.it\/?p=8052","title":{"rendered":"Salvatore Lacerra (MAL-MPA): Tempo di scelte."},"content":{"rendered":"<p class=\"Standard\">Tutti sono proiettati alle prossime elezioni regionali. Molti sembrano aver dimenticato i motivi di questa elezione. Il Consiglio Regionale \u00e8 stato sciolto, si, sciolto a seguito delle vicende giudiziarie connesse alla indagine su rimborsopoli.\u00a0 Premetto che ritengo tutti innocenti. Devo per\u00f2 evidenziare che la politica non \u00e8 un mestiere, \u00e8 altro, ben altro. Sicuramente poi la politica ed una intera classe dirigente ha fallito. Ha\u00a0 dato prova di scarsa attenzione ed avvedutezza,\u00a0 forse presa da altro\u00a0 non ha prestato la dovuta attenzione a prassi storiche, che per\u00f2 prestano il fianco a diverse criticit\u00e0. Il paradossale \u00e8 che mentre prima il tema era garantire il ricambio e fissare\u00a0 un numero massimo di legislature, ora pare che il tema si sia spostato, portando ciascuno di questi, un pre-giudizio di assoluzione sul suo operato e\u00a0 chiedendo candidature da presidente, vice, consigliere, assessore ed altro.\u00a0 Occorre fare chiarezza ed essere coerenti: se la politica \u00e8 servizio e non mestiere; se la politica deve ritrovare la sua funzione nobile e recuperare la credibilit\u00e0\u00a0 persa anche per questi fatti, allora non c&#8217;\u00e8 posto per coloro che hanno questioni penali sospese. Non\u00a0 c&#8217;\u00e8 posto da presidente, da assessore, da consigliere che possa vedere candidati con una qualche ombra. Certo, ha ragione chi chiede alla politica, quella che decide, quella che comanda e che si assume la responsabilit\u00e0 della scelta, di individuare i migliori, quelli che valgono, quelli che hanno idee, coraggio, visioni di futuro. Ecco perch\u00e9 mi\u00a0 viene l&#8217;orticaria a sentire parlare di questo o quel presidente, questo o quel candidato, quasi che il problema sia garantire gli equilibri di questo o quel partito, si chiami PD, PDL o altro.<\/p>\n<p class=\"Standard\">Se pensate di fare questo e garantire poltrone ed equilibri, allora\u00a0 avete gi\u00e0 perso.\u00a0 Avete perso la sfida\u00a0 con la storia.,\u00a0 la storia di questa regione ed il suo futuro, ed il futuro\u00a0 delle sue genti. Sorrido nel leggere interviste e comunicati di quello che indica\u00a0 chi dovr\u00e0 candidarsi, altrimenti minaccia\u00a0 di candidarsi lui (peccato che\u00a0 non lo vota nessuno, visto come amministra!) con\u00a0 il chiaro intento di essere inserito nel listino. Sorrido ancor di pi\u00f9 nel leggere le rivendicazioni di alcuni che sragionano per citt\u00e0 di nascita o di residenza, e mi convinco che per alcuni la stupidit\u00e0\u00a0 ha grandi meriti in\u00a0 politica.<\/p>\n<p class=\"Standard\">Ma avrete perso le elezioni, perch\u00e9 qualcosa \u00e8 cambiato, si \u00e8 rotto e non basta il controllo e la filiera corta a garantire la vittoria. Alcuni partiti non esistono pi\u00f9, sono rimaste solo le sigle ed alcuni nostalgici in cerca di autore; altri si sono liquefatti, altri sono stati fagocitati degli alleati. Il fenomeno Grillo \u00e8 questione da non sottovalutare, e se i grillini iniziassero a fare proposte ed aprire tavoli di interlocuzione, allora non ce ne sarebbe per nessuno. Perch\u00e9 la comunit\u00e0, il popolo, gli elettori hanno le tasche piene, anzi rotte. Ma grazie alla vostra mancanza di progetti, idee, programmi, ed anche grazie ai vostri inauditi sperperi, oggi quelle tasche sono rotte ed anche vuote. Vuote di pane, di speranza, di futuro.<\/p>\n<p class=\"Standard\">\u00a0Ecco\u00a0 perch\u00e9 urge scegliere e con coraggio!<\/p>\n","protected":false},"excerpt":{"rendered":"<p>Tutti sono proiettati alle prossime elezioni regionali. Molti sembrano aver dimenticato i motivi di questa elezione. Il Consiglio Regionale \u00e8 stato sciolto, si, sciolto a &#8230; <\/p>\n","protected":false},"author":1,"featured_media":0,"comment_status":"closed","ping_status":"closed","sticky":false,"template":"single-sidebar.php","format":"standard","meta":{"footnotes":""},"categories":[384],"tags":[],"class_list":["post-8052","post","type-post","status-publish","format-standard","hentry","category-c243-comunicati-stampa-dei-consiglieri-243"],"_links":{"self":[{"href":"https:\/\/archivio.comune.potenza.it\/index.php?rest_route=\/wp\/v2\/posts\/8052"}],"collection":[{"href":"https:\/\/archivio.comune.potenza.it\/index.php?rest_route=\/wp\/v2\/posts"}],"about":[{"href":"https:\/\/archivio.comune.potenza.it\/index.php?rest_route=\/wp\/v2\/types\/post"}],"author":[{"embeddable":true,"href":"https:\/\/archivio.comune.potenza.it\/index.php?rest_route=\/wp\/v2\/users\/1"}],"replies":[{"embeddable":true,"href":"https:\/\/archivio.comune.potenza.it\/index.php?rest_route=%2Fwp%2Fv2%2Fcomments&post=8052"}],"version-history":[{"count":0,"href":"https:\/\/archivio.comune.potenza.it\/index.php?rest_route=\/wp\/v2\/posts\/8052\/revisions"}],"wp:attachment":[{"href":"https:\/\/archivio.comune.potenza.it\/index.php?rest_route=%2Fwp%2Fv2%2Fmedia&parent=8052"}],"wp:term":[{"taxonomy":"category","embeddable":true,"href":"https:\/\/archivio.comune.potenza.it\/index.php?rest_route=%2Fwp%2Fv2%2Fcategories&post=8052"},{"taxonomy":"post_tag","embeddable":true,"href":"https:\/\/archivio.comune.potenza.it\/index.php?rest_route=%2Fwp%2Fv2%2Ftags&post=8052"}],"curies":[{"name":"wp","href":"https:\/\/api.w.org\/{rel}","templated":true}]}}