{"id":8053,"date":"2013-08-17T11:02:30","date_gmt":"2013-08-17T09:02:30","guid":{"rendered":"http:\/\/archivio.comune.potenza.it\/comune_wp\/?p=8053"},"modified":"2013-08-17T11:02:30","modified_gmt":"2013-08-17T09:02:30","slug":"salvatore-lacerra-mal-mpa-le-pulci-dell-assessore","status":"publish","type":"post","link":"https:\/\/archivio.comune.potenza.it\/?p=8053","title":{"rendered":"Salvatore Lacerra (MAL-MPA): Le pulci dell\u2019Assessore."},"content":{"rendered":"<p>Ho letto il Comunicato che il noto assessore del Comune di Potenza, \u00a0con deleghe alle precisazioni, ai ponti e finanche alla viabilit\u00e0 dei tratturi e delle\u00a0 mulattiere\u00a0 ha fatto in risposta ad una nota di un Consigliere Comunale in cui si parlava della vicenda del Ponte di Montereale.<\/p>\n<p>La nota, non so da chi scritta, dopo alcune\u00a0 puntualizzazioni, lamenta imprecisioni da parte del Consigliere Comunale e conclude dicendo che\u00a0 piuttosto che \u201cfare le pulci\u201d l\u2019 interesse del noto Assessore e della Amministrazione \u00e8 quello di garantire la sicurezza dei cittadini e la riqualificazione dell\u2019area.<\/p>\n<p>Leggo oggi altro articolo, nel quale si ricorda allo \u00a0smemorato assessore, \u00a0che per quel ponte (quello di Montereale) gi\u00e0 anni addietro arrivarono cospicui fondi, dirottati \u00a0ad una mostra pittorica.\u00a0\u00a0 Evidentemente le priorit\u00e0 erano altre.<\/p>\n<p>Il risultato \u00e8 chiaro: la Citt\u00e0 ha subito un\u00a0 danno; la struttura si \u00e8 ulteriormente deteriorata ed i pi\u00f9 paghiamo i costi di un ponteggio che arreda e contorna il ponte.<\/p>\n<p>Assessore, la cosa che devo dirle \u00e8 altra: se lei pensa che \u201cfare le pulci\u201d \u00e8 attivit\u00e0 inutile e stupida, sbaglia. Significa che non ha capito il senso ed il ruolo che ciascuno svolge in democrazia: Lei ha un ruolo: quello dell\u2019Amministrare,\u00a0 noi Consiglieri Comunali, senza distinzione alcuna, ne abbiamo un altro: quello di stimolare una buona amministrazione.<\/p>\n<p>Se i Consiglieri di maggioranza hanno scelto il silenzio, \u00a0chi\u00a0 \u00e8 minoranza non pu\u00f2 non svolgere il suo compito, con triplo impegno e passione. Fare le pulci, Assessore, non solo \u00e8 un bene, ma un dovere per ciascuno. Peccato che lei, Assessore,\u00a0 dimentica di dire verit\u00e0 nei suoi comunicati, dimentica di fare sopralluoghi sui cantieri ingiustificatamente fermi da tempo (Parco Fluviale, Rete idrica e fognaria nelle contrade, salita Via Leoncavallo \u2013 per gli amici Orina De Fundis\u00a0 &#8211; per i potentini salita di Pisciamort, e mi fermo solo per evitare che si dica che \u00e8 il solito elenco che Lei forse, da smemorato, non ricorda o non vuole ricordare), e peccato, Assessore \u00a0\u00a0che nei suoi comunicati non si capisce cosa precisa \u2026\u2026 e\u2026\u2026\u2026\u2026. per di pi\u00f9, lascia aumentare le pulci!<\/p>\n","protected":false},"excerpt":{"rendered":"<p>Ho letto il Comunicato che il noto assessore del Comune di Potenza, \u00a0con deleghe alle precisazioni, ai ponti e finanche alla viabilit\u00e0 dei tratturi e &#8230; <\/p>\n","protected":false},"author":1,"featured_media":0,"comment_status":"closed","ping_status":"closed","sticky":false,"template":"single-sidebar.php","format":"standard","meta":{"footnotes":""},"categories":[384],"tags":[],"class_list":["post-8053","post","type-post","status-publish","format-standard","hentry","category-c243-comunicati-stampa-dei-consiglieri-243"],"_links":{"self":[{"href":"https:\/\/archivio.comune.potenza.it\/index.php?rest_route=\/wp\/v2\/posts\/8053"}],"collection":[{"href":"https:\/\/archivio.comune.potenza.it\/index.php?rest_route=\/wp\/v2\/posts"}],"about":[{"href":"https:\/\/archivio.comune.potenza.it\/index.php?rest_route=\/wp\/v2\/types\/post"}],"author":[{"embeddable":true,"href":"https:\/\/archivio.comune.potenza.it\/index.php?rest_route=\/wp\/v2\/users\/1"}],"replies":[{"embeddable":true,"href":"https:\/\/archivio.comune.potenza.it\/index.php?rest_route=%2Fwp%2Fv2%2Fcomments&post=8053"}],"version-history":[{"count":0,"href":"https:\/\/archivio.comune.potenza.it\/index.php?rest_route=\/wp\/v2\/posts\/8053\/revisions"}],"wp:attachment":[{"href":"https:\/\/archivio.comune.potenza.it\/index.php?rest_route=%2Fwp%2Fv2%2Fmedia&parent=8053"}],"wp:term":[{"taxonomy":"category","embeddable":true,"href":"https:\/\/archivio.comune.potenza.it\/index.php?rest_route=%2Fwp%2Fv2%2Fcategories&post=8053"},{"taxonomy":"post_tag","embeddable":true,"href":"https:\/\/archivio.comune.potenza.it\/index.php?rest_route=%2Fwp%2Fv2%2Ftags&post=8053"}],"curies":[{"name":"wp","href":"https:\/\/api.w.org\/{rel}","templated":true}]}}