{"id":8059,"date":"2013-08-20T06:31:12","date_gmt":"2013-08-20T04:31:12","guid":{"rendered":"http:\/\/archivio.comune.potenza.it\/comune_wp\/?p=8059"},"modified":"2013-08-20T06:31:12","modified_gmt":"2013-08-20T04:31:12","slug":"nicola-becce-popolo-della-liberta-emergenza-c-i-e","status":"publish","type":"post","link":"https:\/\/archivio.comune.potenza.it\/?p=8059","title":{"rendered":"Nicola Becce (Popolo della Libert\u00e0): Emergenza C.I.E."},"content":{"rendered":"<p>Emergenza CIE, bisogna chiudere i CIE immediatamente, cancellare la legge Bossi-Fini e legiferare per rendere possibile un&#8217;accoglienza civile alle persone che dal Sud del mondo arrivano nel nostro paese, e in tutta Europa, alla ricerca di una vita capace di restituire loro lavoro, dignit\u00e0 e umanit\u00e0. \u00c9 l&#8217;appello \u00e8 rivolto ai partiti presenti in Parlamento al di l\u00e0 della loro appartenenza alla maggioranza dopo l&#8217;ennesima tragedia verificatasi in un Centro di Identificazione ed Espulsione. In particolare nel CIE &#8220;Sant&#8217;Anna&#8221; di Isola Capo Rizzuto, dove il trentunenne marocchino Moustapha Anaki \u00e8 morto per un non meglio precisato &#8220;malore&#8221; e dove \u00e8 in corso una sacrosanta rivolta. I CIE sono luoghi di reclusione in cui \u00e8 sospeso ogni diritto e in cui vengono rinchiuse persone senza alcuna accusa, che non hanno commesso alcun reato, semplicemente perch\u00e9 sprovviste di documenti o permessi di soggiorno; spesso fuggite da zone di guerra o di fame, costrette in condizioni inumane. In questi centri si ripetono con agghiacciante frequenza episodi di violenza da parte del personale di custodia, suicidi e atti di autolesionismo da parte dei trattenuti, esseri umani disperati condannati solo per essere nati nella parte sbagliata del mondo.<\/p>\n","protected":false},"excerpt":{"rendered":"<p>Emergenza CIE, bisogna chiudere i CIE immediatamente, cancellare la legge Bossi-Fini e legiferare per rendere possibile un&#8217;accoglienza civile alle persone che dal Sud del mondo &#8230; <\/p>\n","protected":false},"author":1,"featured_media":0,"comment_status":"closed","ping_status":"closed","sticky":false,"template":"single-sidebar.php","format":"standard","meta":{"footnotes":""},"categories":[384],"tags":[],"class_list":["post-8059","post","type-post","status-publish","format-standard","hentry","category-c243-comunicati-stampa-dei-consiglieri-243"],"_links":{"self":[{"href":"https:\/\/archivio.comune.potenza.it\/index.php?rest_route=\/wp\/v2\/posts\/8059"}],"collection":[{"href":"https:\/\/archivio.comune.potenza.it\/index.php?rest_route=\/wp\/v2\/posts"}],"about":[{"href":"https:\/\/archivio.comune.potenza.it\/index.php?rest_route=\/wp\/v2\/types\/post"}],"author":[{"embeddable":true,"href":"https:\/\/archivio.comune.potenza.it\/index.php?rest_route=\/wp\/v2\/users\/1"}],"replies":[{"embeddable":true,"href":"https:\/\/archivio.comune.potenza.it\/index.php?rest_route=%2Fwp%2Fv2%2Fcomments&post=8059"}],"version-history":[{"count":0,"href":"https:\/\/archivio.comune.potenza.it\/index.php?rest_route=\/wp\/v2\/posts\/8059\/revisions"}],"wp:attachment":[{"href":"https:\/\/archivio.comune.potenza.it\/index.php?rest_route=%2Fwp%2Fv2%2Fmedia&parent=8059"}],"wp:term":[{"taxonomy":"category","embeddable":true,"href":"https:\/\/archivio.comune.potenza.it\/index.php?rest_route=%2Fwp%2Fv2%2Fcategories&post=8059"},{"taxonomy":"post_tag","embeddable":true,"href":"https:\/\/archivio.comune.potenza.it\/index.php?rest_route=%2Fwp%2Fv2%2Ftags&post=8059"}],"curies":[{"name":"wp","href":"https:\/\/api.w.org\/{rel}","templated":true}]}}