{"id":8063,"date":"2013-08-21T09:47:58","date_gmt":"2013-08-21T07:47:58","guid":{"rendered":"http:\/\/archivio.comune.potenza.it\/comune_wp\/?p=8063"},"modified":"2013-08-21T09:47:58","modified_gmt":"2013-08-21T07:47:58","slug":"nicola-becce-popolo-della-liberta-viceconte-governatore","status":"publish","type":"post","link":"https:\/\/archivio.comune.potenza.it\/?p=8063","title":{"rendered":"Nicola Becce (Popolo della Libert\u00e0): Viceconte governatore"},"content":{"rendered":"<p>Il Popolo della Libert\u00e0 di Basilicata \u00e8 sempre stato un partito aperto alle istanze sociali e di larghe intese per le sue alleanze. Forse qualcuno dimentica le elezioni comunali a Potenza e le provinciali del 2009. Un partito capace di fare anche un passo indietro pur di costruire un assemblamento politico e non una semplice unione elettorale. Purtroppo pi\u00f9 di qualcuno tenda a dimenticarlo, per poi ricordare semmai episodi marginali oppure cercare di approfittare di un momento delicato del Pdl nazionale e del suo fondatore Silvio Berlusconi per racimolare un pugno di voti in pi\u00f9.<\/p>\n<p>Ma sono visioni politica dalle corte gambe e segno di una strategia che esiste solo a parole e non nei fatti, per ora chi sta lavorando per un centrodestra rinnovato \u00e8 solo il Pdl, testimone sono le ultime dichiarazioni del segretario regionale il senatore Guido Viceconte che lasciano aperto un vasto orizzonte politico per la formazione della coalizione di centrodestra e nessuna preclusione per la scelta del candidato Presidente per le ormai imminenti regionali. Del resto il Popolo della Libert\u00e0 lucano aveva lanciato possibilit\u00e0 ed apertura per un candidato presidente della societ\u00e0 civile oppure super partes rispetto ai partiti tradizionali e il segnale \u00e8 che manterr\u00e0 questa posizione, sperando che anche i partiti minori della futura coalizione accettino un esterno quale candidato Governatore.<\/p>\n<p>Ma se un esterno non ci sar\u00e0 perch\u00e8 considerato un candidato debole, allora la parole \u2013 i numeri contano- deve essere del Pdl quale maggiore partito del centrodestra lucano. Ed il Pdl o Forza Italia ha il candidato di maggior prestigio che il centrodestra lucano possa candidare: Guido Viceconte.<\/p>\n<p>Ogni parola di elogio o descrizione sul senatore Viceconte \u00e8 superflua, le sue qualit\u00e0 e la sua esperienza governativa in Italia e politica in Europa \u00e8 fuori discussione. Inoltre \u00e8 stato tra i creatori sin dal 1994 del centrodestra lucano, ne ha percorso tutte le vicissitudini ed in questi anni ha imposto solo la logica della politica e del buon senso, mai l\u2019arroganza dei numeri e dei maggiori voti. Certo, inutile nascondere che una sua candidatura alla Regione Basilicata pu\u00f2 essere letta come una forzatura, ma se un\u2019armonia tra le varie anime del centrodestra non si trover\u00e0, solo il carisma e l\u2019abilit\u00e0 di Viceconte possono permettere di creare un centrodestra competitivo e realmente alternativo\u00a0 alle sinistre italiane.<\/p>\n","protected":false},"excerpt":{"rendered":"<p>Il Popolo della Libert\u00e0 di Basilicata \u00e8 sempre stato un partito aperto alle istanze sociali e di larghe intese per le sue alleanze. Forse qualcuno &#8230; <\/p>\n","protected":false},"author":1,"featured_media":0,"comment_status":"closed","ping_status":"closed","sticky":false,"template":"single-sidebar.php","format":"standard","meta":{"footnotes":""},"categories":[384],"tags":[],"class_list":["post-8063","post","type-post","status-publish","format-standard","hentry","category-c243-comunicati-stampa-dei-consiglieri-243"],"_links":{"self":[{"href":"https:\/\/archivio.comune.potenza.it\/index.php?rest_route=\/wp\/v2\/posts\/8063"}],"collection":[{"href":"https:\/\/archivio.comune.potenza.it\/index.php?rest_route=\/wp\/v2\/posts"}],"about":[{"href":"https:\/\/archivio.comune.potenza.it\/index.php?rest_route=\/wp\/v2\/types\/post"}],"author":[{"embeddable":true,"href":"https:\/\/archivio.comune.potenza.it\/index.php?rest_route=\/wp\/v2\/users\/1"}],"replies":[{"embeddable":true,"href":"https:\/\/archivio.comune.potenza.it\/index.php?rest_route=%2Fwp%2Fv2%2Fcomments&post=8063"}],"version-history":[{"count":0,"href":"https:\/\/archivio.comune.potenza.it\/index.php?rest_route=\/wp\/v2\/posts\/8063\/revisions"}],"wp:attachment":[{"href":"https:\/\/archivio.comune.potenza.it\/index.php?rest_route=%2Fwp%2Fv2%2Fmedia&parent=8063"}],"wp:term":[{"taxonomy":"category","embeddable":true,"href":"https:\/\/archivio.comune.potenza.it\/index.php?rest_route=%2Fwp%2Fv2%2Fcategories&post=8063"},{"taxonomy":"post_tag","embeddable":true,"href":"https:\/\/archivio.comune.potenza.it\/index.php?rest_route=%2Fwp%2Fv2%2Ftags&post=8063"}],"curies":[{"name":"wp","href":"https:\/\/api.w.org\/{rel}","templated":true}]}}