{"id":8074,"date":"2013-08-23T10:55:28","date_gmt":"2013-08-23T08:55:28","guid":{"rendered":"http:\/\/archivio.comune.potenza.it\/comune_wp\/?p=8074"},"modified":"2013-08-23T10:55:28","modified_gmt":"2013-08-23T08:55:28","slug":"salvatore-lacerra-mal-mpa-collasso-per-mancanza-di-soldi","status":"publish","type":"post","link":"https:\/\/archivio.comune.potenza.it\/?p=8074","title":{"rendered":"Salvatore Lacerra (MAL-MPA): Collasso per mancanza di soldi"},"content":{"rendered":"<p>Leggere l\u2019ennesimo comunicato, questa volta di un sindacalista, che rimprovera alla Regione la mancata elargizione\u00a0\u00a0 dei 6 milioni di euro alla Citt\u00e0 di Potenza, e chiede soluzioni che evitino\u00a0 la interruzione di\u00a0 servizi, a suo dire essenziali\u00a0 e contestualmente si permetta la definizione di importanti vertenze pregiudicate dal mancato finanziamento (precari Cotrab,\u00a0 lavoratori gestione parcheggi, lavoratori inceneritore),\u00a0 pone interrogativi inquietanti.<\/p>\n<p>La somma di 6 milioni di Euro \u00e8 finanziamento straordinario e non connesso a un debito, che \u00e8 si storico, ma che oggi sappiamo essere, e non poco, alimentato anche dall\u2019attuale amministrazione. Basta vedere sul sito del Comune di Potenza l\u2019elenco delle fatture da pagare al 31 dicembre 2012.\u00a0 Chi ha fatto il conto ha stimato in\u00a0 circa 25 milioni di Euro il debito. Il\u00a0 bello \u00e8 che il pagamento \u00e8 previsto per il 30 giugno 2014, avete letto bene 2014.\u00a0 Pagher\u00e0 chi verr\u00e0!<\/p>\n<p>L\u2019articolo del sindacalista, che ho richiamato all\u2019inizio, nel lamentarsi per non aver la Regione dato i 6 milioni al Comune di Potenza, sottolinea come, mancando questi soldi non si possano risolvere alcune vertenze: precari Cotrab,\u00a0 lavoratori gestione parcheggi, lavoratori inceneritore. Non mi fa piacere che persone, lavoratori, famiglie, si trovino in situazioni di disagio e precariet\u00e0, ma a quel sindacalista rappresento che quello che dice non \u00e8 giusto. A quel sindacalista ricordo che il Cotrab\u00a0 \u00e8 un consorzio che senza contratto spende e spande per un servizio (?), quello del trasporto pubblico che non utilizza quasi nessuno, (eppure si viaggia gratis) e che costa alla comunit\u00e0, cio\u00e8 a noi tutti potentini la bellezza di oltre 13 milioni di \u20acuro l\u2019anno.\u00a0 Soldi che\u00a0 il Comune recupera con tasse, con aumenti di tariffe e tagliando altri servizi. Ricordo anche che l\u2019inceneritore da anni non funziona e che\u00a0\u00a0 per la gestione dei parcheggi il Comune di Potenza, che ha concesso le aree,\u00a0 non ha incassato una lira.\u00a0 Infine ricordo a quel sindacalista che la stabilizzazione fatta\u00a0 dalla scorsa consiliatura al Comune di Potenza, \u00e8 stata definita dalla stessa amministrazione, un errore, avendo stabilizzato personale con qualifiche professionali\u00a0 non adeguate ai reali bisogni dell\u2019Amministrazione.<\/p>\n<p>A quel sindacalista, ed a quella\u00a0 schiera di\u00a0 persone che pensano di risolvere i problemi\u00a0 alla vecchia maniera,\u00a0 addossandoli alla comunit\u00e0, dico che il tempo \u00e8 cambiato, che occorre lottare per un sistema diverso, operoso, virtuoso, ove si smetta di avere i raccomandati della politica o dei sindacati e si diano a tutti le stesse possibilit\u00e0 e realmente si producano servizi\u00a0 con personale all\u2019altezza. Non \u00e8 pi\u00f9 tempo di stabilizzare persone senza\u00a0 titoli, senza concorso, che grazie alla complicit\u00e0 di una vecchia classe politica e sindacale oggi risultano tutti impiegati e non pi\u00f9 operai, con l\u2019anacronistica situazione\u00a0 che al Comune di Potenza, che pure aveva stabilizzato centinaia di operai, oggi mancano tali figure e non si riesce nemmeno a formare una squadra di manutentori, perch\u00e9 tutti sono diventati amministrativi.<\/p>\n<p>E\u2019 finito il tempo dell\u2019irresponsabilit\u00e0 e sono finiti anche i soldi per pagare nuove imposte o tasse. Occorre dar conto di quello che si fa, capire se i servizi sono tali o sono dei disservizi e degli sprechi.<\/p>\n<p>Se la Citt\u00e0 di Potenza collassa, non \u00e8 per la mancanza dei 6 milioni di euro, \u00e8 per l\u2019incapacit\u00e0 di questa amministrazione di gestire oculatamente le risorse, pure ingenti, che arrivano. Del resto, se un\u2019associazione, ha ipotizzato una gestione del Trasporto Pubblico, con risparmi milionari, allora vuol dire che \u00e8 possibile risparmiare. Ma qualcuno non lo vuole e\u2026\u2026. annuncia il collasso!<\/p>\n","protected":false},"excerpt":{"rendered":"<p>Leggere l\u2019ennesimo comunicato, questa volta di un sindacalista, che rimprovera alla Regione la mancata elargizione\u00a0\u00a0 dei 6 milioni di euro alla Citt\u00e0 di Potenza, e &#8230; <\/p>\n","protected":false},"author":1,"featured_media":0,"comment_status":"closed","ping_status":"closed","sticky":false,"template":"single-sidebar.php","format":"standard","meta":{"footnotes":""},"categories":[384],"tags":[],"class_list":["post-8074","post","type-post","status-publish","format-standard","hentry","category-c243-comunicati-stampa-dei-consiglieri-243"],"_links":{"self":[{"href":"https:\/\/archivio.comune.potenza.it\/index.php?rest_route=\/wp\/v2\/posts\/8074"}],"collection":[{"href":"https:\/\/archivio.comune.potenza.it\/index.php?rest_route=\/wp\/v2\/posts"}],"about":[{"href":"https:\/\/archivio.comune.potenza.it\/index.php?rest_route=\/wp\/v2\/types\/post"}],"author":[{"embeddable":true,"href":"https:\/\/archivio.comune.potenza.it\/index.php?rest_route=\/wp\/v2\/users\/1"}],"replies":[{"embeddable":true,"href":"https:\/\/archivio.comune.potenza.it\/index.php?rest_route=%2Fwp%2Fv2%2Fcomments&post=8074"}],"version-history":[{"count":0,"href":"https:\/\/archivio.comune.potenza.it\/index.php?rest_route=\/wp\/v2\/posts\/8074\/revisions"}],"wp:attachment":[{"href":"https:\/\/archivio.comune.potenza.it\/index.php?rest_route=%2Fwp%2Fv2%2Fmedia&parent=8074"}],"wp:term":[{"taxonomy":"category","embeddable":true,"href":"https:\/\/archivio.comune.potenza.it\/index.php?rest_route=%2Fwp%2Fv2%2Fcategories&post=8074"},{"taxonomy":"post_tag","embeddable":true,"href":"https:\/\/archivio.comune.potenza.it\/index.php?rest_route=%2Fwp%2Fv2%2Ftags&post=8074"}],"curies":[{"name":"wp","href":"https:\/\/api.w.org\/{rel}","templated":true}]}}