{"id":8092,"date":"2013-08-28T08:01:13","date_gmt":"2013-08-28T06:01:13","guid":{"rendered":"http:\/\/archivio.comune.potenza.it\/comune_wp\/?p=8092"},"modified":"2013-08-28T08:01:13","modified_gmt":"2013-08-28T06:01:13","slug":"nicola-becce-popolo-della-liberta-tares-e-non-solo-imu","status":"publish","type":"post","link":"https:\/\/archivio.comune.potenza.it\/?p=8092","title":{"rendered":"Nicola Becce (Popolo della Libert\u00e0): TARES e non solo IMU"},"content":{"rendered":"<p>Gli italiani stanno tornando dalle vacanze e si ritrovano con gli stessi nodi con cui sono partiti. In particolare, a preoccupare le famiglie \u00e8 la questione tasse: tra Imu, aumento dell\u2019Iva e Tares, non si \u00e8 ancora capito quanto e quando bisogner\u00e0 pagare. In attesa del Consiglio dei Ministri che mercoled\u00ec 28 agosto dovrebbe arrivare ad una decisione definitiva sull\u2019Imu, alcune associazioni dei consumatori, giustamente, hanno scritto al Ministro dell\u2019economia Fabrizio Saccomanni a proposito della tassa sui rifiuti. \u201cIntrodurre premialit\u00e0 per cittadini e aziende virtuose ed eliminare maggiorazione per metro quadro\u201d questa \u00e8 stata la proposta delle associazioni.<\/p>\n<p>Inserire chiari ed efficaci sistemi premianti per i comportamenti virtuosi di cittadini e aziende, facendo pagare meno chi produce meno rifiuti indifferenziati nel rispetto del principio comunitario del \u201cchi inquina paga\u201d; liberare il tributo sui rifiuti dalla copertura dei costi dei \u201cservizi indivisibili\u201d, eliminando la maggiorazione di 0,30 euro per metro quadro, perch\u00e9 non correlati in alcun modo alla produzione dei rifiuti e all\u2019esigenza di responsabilizzare i comportamenti individuali applicando criteri meritocratici\u201d. Ecco in sintesi le richieste inviate al Ministro Saccomanni e per conoscenza al Ministro dell\u2019Ambiente Andrea Orlando, al Ministro per gli Affari regionali Graziano Delrio e al Ministro delle Politiche agricole Nunzia De Girolamo.<\/p>\n<p>La preoccupazione dei cittadini \u00e8 che fino ad oggi la discussione si \u00e8 concentrata molto sulla modifica dell\u2019imposta sulla casa e poco sulla Tares, che nella versione attuale rischia di essere un nuovo pesante aggravio per tutte le utenze che producono rifiuti, senza prevedere alcun principio di premialit\u00e0 per i comportamenti virtuosi, anche perch\u00e9 comprende la copertura dei costi dei cosiddetti \u201cservizi indivisibili\u201d che poco hanno a che fare con la gestione dei rifiuti.<\/p>\n<p>L\u2019auspicio \u00e8 che la modifica della Tares possa incidere sui comportamenti individuali, premiando quelli virtuosi attraverso criteri meritocratici, eliminando i tributi non correlati alla produzione dei rifiuti o all\u2019esigenza di responsabilizzare i comportamenti.<\/p>\n<p>Oggi in Italia sono pochi gli enti locali che fanno pagare in base alle quantit\u00e0 di rifiuti effettivamente prodotta grazie alla tariffazione puntuale, con risultati importanti sulla prevenzione, sull\u2019avvio a riciclaggio e sulla riduzione delle quantit\u00e0 di rifiuti avviate a smaltimento. Eppure, sarebbe possibile affrontare concretamente la sfida della riduzione dei rifiuti, come \u00e8 riuscita a fare ad esempio la Germania, utilizzando una equa leva economica, introducendo un criterio di giustizia e sostenibilit\u00e0 ambientale e alleggerendo la pressione fiscale sui pi\u00f9 virtuosi, a partire dalla riforma del nuovo tributo sui rifiuti.<\/p>\n<p>Solo in questo modo contribuir\u00e0 davvero a liberare l\u2019Italia dal problema rifiuti, facendo entrare il nostro Paese a pieno titolo in quella \u2018societ\u00e0 europea del riciclaggio\u2019 alla base nella nuova direttiva di settore.<\/p>\n<p>\u00a0<\/p>\n","protected":false},"excerpt":{"rendered":"<p>Gli italiani stanno tornando dalle vacanze e si ritrovano con gli stessi nodi con cui sono partiti. In particolare, a preoccupare le famiglie \u00e8 la &#8230; <\/p>\n","protected":false},"author":1,"featured_media":0,"comment_status":"closed","ping_status":"closed","sticky":false,"template":"single-sidebar.php","format":"standard","meta":{"footnotes":""},"categories":[384],"tags":[],"class_list":["post-8092","post","type-post","status-publish","format-standard","hentry","category-c243-comunicati-stampa-dei-consiglieri-243"],"_links":{"self":[{"href":"https:\/\/archivio.comune.potenza.it\/index.php?rest_route=\/wp\/v2\/posts\/8092"}],"collection":[{"href":"https:\/\/archivio.comune.potenza.it\/index.php?rest_route=\/wp\/v2\/posts"}],"about":[{"href":"https:\/\/archivio.comune.potenza.it\/index.php?rest_route=\/wp\/v2\/types\/post"}],"author":[{"embeddable":true,"href":"https:\/\/archivio.comune.potenza.it\/index.php?rest_route=\/wp\/v2\/users\/1"}],"replies":[{"embeddable":true,"href":"https:\/\/archivio.comune.potenza.it\/index.php?rest_route=%2Fwp%2Fv2%2Fcomments&post=8092"}],"version-history":[{"count":0,"href":"https:\/\/archivio.comune.potenza.it\/index.php?rest_route=\/wp\/v2\/posts\/8092\/revisions"}],"wp:attachment":[{"href":"https:\/\/archivio.comune.potenza.it\/index.php?rest_route=%2Fwp%2Fv2%2Fmedia&parent=8092"}],"wp:term":[{"taxonomy":"category","embeddable":true,"href":"https:\/\/archivio.comune.potenza.it\/index.php?rest_route=%2Fwp%2Fv2%2Fcategories&post=8092"},{"taxonomy":"post_tag","embeddable":true,"href":"https:\/\/archivio.comune.potenza.it\/index.php?rest_route=%2Fwp%2Fv2%2Ftags&post=8092"}],"curies":[{"name":"wp","href":"https:\/\/api.w.org\/{rel}","templated":true}]}}