{"id":8095,"date":"2013-08-28T10:44:44","date_gmt":"2013-08-28T08:44:44","guid":{"rendered":"http:\/\/archivio.comune.potenza.it\/comune_wp\/?p=8095"},"modified":"2013-08-28T10:44:44","modified_gmt":"2013-08-28T08:44:44","slug":"nicola-becce-popolo-della-liberta-digilio-sindaco-di-potenza","status":"publish","type":"post","link":"https:\/\/archivio.comune.potenza.it\/?p=8095","title":{"rendered":"Nicola Becce (Popolo della Libert\u00e0): Digilio Sindaco di Potenza"},"content":{"rendered":"<p>Nel 2014 si voter\u00e0 a Potenza, ovviamente per le comunali dato che per fortuna la legge impedisce un terzo mandato, quindi lo scranno di Vito Santarsiero rimarr\u00e0 vuoto con la speranza da parte del centrosinistra di occuparlo per sistemare qualche suo personaggio che correrebbe il pericolo di rimanere senza postazione e senza futuro. Inutile dire che i due mandati di Santarsiero sono stati catastrofici sono ogni punto di vista: servizi, qualit\u00e0 della vita, attivit\u00e0 produttive, commercio, politiche giovanili e per l\u2019infanzia ecc. ecc. Una cosa per\u00f2 sono riusciti a cerare una virtuale macchina del tempo e far ripiombare Potenza di anni addietro rispetto al presente di altre cittadine.<\/p>\n<p>Certo, il centrosinistra caccer\u00e0 il coniglietto bianco dal cilindro con un nome che cercheranno di presentare come nuovo, adatto all\u2019incarico, ma che resta sempre personaggio di quella nomenclatura che ha affossato Potenza. Il capoluogo di Regione ha necessit\u00e0 di un sindaco che racchiuda molte caratteristiche e abilit\u00e0 dato che trover\u00e0 un disastro finanziario e un terreno minato per poter amministrare bene. Ci vuole competenza ed esperienza nella Cosa Pubblica oltre che autorevolezza per poter raccogliere meritatamente il consenso dei cittadini. Quindi anche le opposizioni alle sinistre lucane non possono ne devono scherzare proponendo canditati certo puliti, bravi ma che non sono adatti a muoversi nella pubblica amministrazione e nel avere una visione strategica che sono l\u2019esperienza pu\u00f2 procurare. Se il centrodestra vuole vincere deve calare una \u201cscala reale\u201d e ne ha le possibilit\u00e0. Per questo proporrei quale candidato sindaco di tutto il centrodestra compreso movimenti il senatore Egidio Digilio. Ha tutto, partendo dalla sua storia personale di anni di opposizione al sistema clientelare del centrosinistra lucano, fin dai tempi dello strapotere democristiano. Ed un percorso politico del genere non lo si inventa ma lo si vive e pratica. Digilio ha anche la competenza amministrativa ai massimi livelli, prima in Consiglio Regionale e poi al Senato della Repubblica; vi pare poco? Ed inoltre ha esperienza politica essendo stato segretario regionale di un partito, e non nascondiamolo per governare Potenza non basta essere un normale amministratore ha avere un\u2019ottima conoscenza dei processi politici e saperli governare, non dimentichiamo che la Politica \u00e8 l\u2019arte del possibile. Sinceramente all\u2019orizzonte al momento non vedo nomi alternativi al sen. Digilio n\u00e9 nomi spendibili al suo posto. Ora ci vuole un atto di coraggio e di umilt\u00e0 da parte di tutte le componenti del centrodestra, dare mandato a Digilio di costruire assieme ai partiti la coalizione ed iniziare gi\u00e0 da adesso la campagna elettorale, perch\u00e9 il centrosinistra nel suo puzzle gi\u00e0 si sta movendo e noi siamo ancora fermi.<\/p>\n<p>\u00a0<\/p>\n","protected":false},"excerpt":{"rendered":"<p>Nel 2014 si voter\u00e0 a Potenza, ovviamente per le comunali dato che per fortuna la legge impedisce un terzo mandato, quindi lo scranno di Vito &#8230; <\/p>\n","protected":false},"author":1,"featured_media":0,"comment_status":"closed","ping_status":"closed","sticky":false,"template":"single-sidebar.php","format":"standard","meta":{"footnotes":""},"categories":[384],"tags":[],"class_list":["post-8095","post","type-post","status-publish","format-standard","hentry","category-c243-comunicati-stampa-dei-consiglieri-243"],"_links":{"self":[{"href":"https:\/\/archivio.comune.potenza.it\/index.php?rest_route=\/wp\/v2\/posts\/8095"}],"collection":[{"href":"https:\/\/archivio.comune.potenza.it\/index.php?rest_route=\/wp\/v2\/posts"}],"about":[{"href":"https:\/\/archivio.comune.potenza.it\/index.php?rest_route=\/wp\/v2\/types\/post"}],"author":[{"embeddable":true,"href":"https:\/\/archivio.comune.potenza.it\/index.php?rest_route=\/wp\/v2\/users\/1"}],"replies":[{"embeddable":true,"href":"https:\/\/archivio.comune.potenza.it\/index.php?rest_route=%2Fwp%2Fv2%2Fcomments&post=8095"}],"version-history":[{"count":0,"href":"https:\/\/archivio.comune.potenza.it\/index.php?rest_route=\/wp\/v2\/posts\/8095\/revisions"}],"wp:attachment":[{"href":"https:\/\/archivio.comune.potenza.it\/index.php?rest_route=%2Fwp%2Fv2%2Fmedia&parent=8095"}],"wp:term":[{"taxonomy":"category","embeddable":true,"href":"https:\/\/archivio.comune.potenza.it\/index.php?rest_route=%2Fwp%2Fv2%2Fcategories&post=8095"},{"taxonomy":"post_tag","embeddable":true,"href":"https:\/\/archivio.comune.potenza.it\/index.php?rest_route=%2Fwp%2Fv2%2Ftags&post=8095"}],"curies":[{"name":"wp","href":"https:\/\/api.w.org\/{rel}","templated":true}]}}