{"id":8100,"date":"2013-08-29T11:22:16","date_gmt":"2013-08-29T09:22:16","guid":{"rendered":"http:\/\/archivio.comune.potenza.it\/comune_wp\/?p=8100"},"modified":"2013-08-29T11:22:16","modified_gmt":"2013-08-29T09:22:16","slug":"nicola-becce-popolo-della-liberta-gianni-rosa-e-il-pdl","status":"publish","type":"post","link":"https:\/\/archivio.comune.potenza.it\/?p=8100","title":{"rendered":"Nicola Becce (Popolo della Libert\u00e0): Gianni Rosa e il PDL"},"content":{"rendered":"<p>Stimo Gianni Rosa come persona e come politico, al di l\u00e0 delle sigle e partiti, e per questo motivo lo seguo nella sua incessante attivit\u00e0, compreso l\u2019ultimo comunicato stampa dove se da una parte fa un giusto appello agli uomini e donne del centrodestra lucano ad aggregarsi per controbattere il centrosinistra dall\u2019altra attacca il senatore Viceconte per un presunto\u00a0 immobilismo.<\/p>\n<p>All\u2019amico Rosa dico di andare avanti con l\u2019attivit\u00e0 del suo partito Fratelli D\u2019Italia nella costruzione di un nuovo centrodestra ma non si dimentichi che bisogna anche aggregare senza frizioni e senza rotture, se no la sfida con un centrosinistra lucano compatto e forte del governo della regione, delle province e di tanti comuni tra cui spiccano Potenza e Matera sar\u00e0 impari e perdente.<\/p>\n<p>Senza pretesa di essere chiaroveggente ma se il centrodestra risulta litigioso all\u2019interno si andr\u00e0 verso una clamorosa sconfitta, senza pretendere di essere un politologo ma se nel centrodestra ancora si continua a litigare si va verso una disfatta elettorale.<\/p>\n<p>Fratelli d\u2019Italia \u00e8 nel centrodestra un partito importante, se l\u2019\u00e8 meritato con i suoi risultati elettorali e la sua costante attivit\u00e0 in Basilicata, diventando un punto di riferimento per tanti uomini e donne che si oppongono alla Maggioranza delle sinistre ma non \u00e8 l\u2019unico partito del centrodestra ne ha una verit\u00e0 assoluta. Se Rosa trova ancora i possibili alleati sordi faccia uno sforzo di altruismo convocando un tavolo del centrodestra lucano dove si parli di programmi e strategie, e sono certo che nessuna componente si sottrarr\u00e0 all\u2019impegno ed alla discussione.<\/p>\n<p>Di certo prima bisogner\u00e0 chiarirsi su come sar\u00e0 formata la coalizione, con quali strategie per la Basilicata e poi la scelta dal candidato governato come sintesi di un lavoro politico preliminare.<\/p>\n<p>Se si va avanti con comunicati da una parte e l\u2019altra e senza la generosit\u00e0 di mettere da parte i propri legittimi interessi e le vecchie divergenze, nulla sar\u00e0 fatto e nulla sar\u00e0 costruito ma si andr\u00e0 da soli verso le elezioni e verso una facile vittoria del centrosinistra. Un centrosinistra che \u00e8 diviso all\u2019interno ma capace di mettere da parte le personali divergenze per presentarsi compatto alle urne.<\/p>\n<p>Credo che nessuno desideri tra noi un centrodestra frazionato e diviso che si presenta al voto con diverse liste solo perch\u00e8 non si mettono da parte attriti personalistici. All\u2019 amico Gianni Rosa faccio un appello di unit\u00e0 a costruire assieme al Pdl il nuovo centrodestra lucano, facendo tesoro degli errori del passato- tutti li hanno commessi- e tracciare un orizzonte politico per il futuro senza personalismi e senza prevaricazioni partitiche.<\/p>\n","protected":false},"excerpt":{"rendered":"<p>Stimo Gianni Rosa come persona e come politico, al di l\u00e0 delle sigle e partiti, e per questo motivo lo seguo nella sua incessante attivit\u00e0, &#8230; <\/p>\n","protected":false},"author":1,"featured_media":0,"comment_status":"closed","ping_status":"closed","sticky":false,"template":"single-sidebar.php","format":"standard","meta":{"footnotes":""},"categories":[384],"tags":[],"class_list":["post-8100","post","type-post","status-publish","format-standard","hentry","category-c243-comunicati-stampa-dei-consiglieri-243"],"_links":{"self":[{"href":"https:\/\/archivio.comune.potenza.it\/index.php?rest_route=\/wp\/v2\/posts\/8100"}],"collection":[{"href":"https:\/\/archivio.comune.potenza.it\/index.php?rest_route=\/wp\/v2\/posts"}],"about":[{"href":"https:\/\/archivio.comune.potenza.it\/index.php?rest_route=\/wp\/v2\/types\/post"}],"author":[{"embeddable":true,"href":"https:\/\/archivio.comune.potenza.it\/index.php?rest_route=\/wp\/v2\/users\/1"}],"replies":[{"embeddable":true,"href":"https:\/\/archivio.comune.potenza.it\/index.php?rest_route=%2Fwp%2Fv2%2Fcomments&post=8100"}],"version-history":[{"count":0,"href":"https:\/\/archivio.comune.potenza.it\/index.php?rest_route=\/wp\/v2\/posts\/8100\/revisions"}],"wp:attachment":[{"href":"https:\/\/archivio.comune.potenza.it\/index.php?rest_route=%2Fwp%2Fv2%2Fmedia&parent=8100"}],"wp:term":[{"taxonomy":"category","embeddable":true,"href":"https:\/\/archivio.comune.potenza.it\/index.php?rest_route=%2Fwp%2Fv2%2Fcategories&post=8100"},{"taxonomy":"post_tag","embeddable":true,"href":"https:\/\/archivio.comune.potenza.it\/index.php?rest_route=%2Fwp%2Fv2%2Ftags&post=8100"}],"curies":[{"name":"wp","href":"https:\/\/api.w.org\/{rel}","templated":true}]}}