{"id":8102,"date":"2013-08-30T07:36:13","date_gmt":"2013-08-30T05:36:13","guid":{"rendered":"http:\/\/archivio.comune.potenza.it\/comune_wp\/?p=8102"},"modified":"2013-08-30T07:36:13","modified_gmt":"2013-08-30T05:36:13","slug":"nicola-becce-8popolo-della-liberta-imu-e-service-tax","status":"publish","type":"post","link":"https:\/\/archivio.comune.potenza.it\/?p=8102","title":{"rendered":"Nicola Becce 8Popolo della Libert\u00e0): IMU e Service Tax"},"content":{"rendered":"<div>\n<p>Addio Imu, arriva la Service Tax. <a href=\"wlmailhtml:{DA4DCC4A-F3CF-4551-9EE2-46D6C2A7A222}mid:\/\/00000021\/!x-usc:http:\/\/www.governo.it\/Governo\/ConsiglioMinistri\/dettaglio.asp?d=72690%20%20%20%20\">Il Consiglio dei Ministri di ieri ha \u201cfinalmente\u201d abolito<\/a> la tanto discussa Imu sulla prima casa, e quella sugli immobili rurali e i terreni agricoli (solo la rata di giugno, per quella di dicembre si aspetta un decreto nella Legge di Stabilit\u00e0 ad ottobre). Nel 2014 l\u2019Imu sar\u00e0 inglobata nella Service Tax, un\u2019imposta sui servizi comunali, ispirata ai principi del federalismo fiscale, che sostituisce la Tares e sar\u00e0 costituita da due componenti: gestione dei rifiuti urbani e copertura dei servizi indivisibili.<\/p>\n<p><strong>Tornando alla Service Tax, la prima componente (Tari) sar\u00e0 dovuta da chi occupa, a qualunque titolo, locali o aree suscettibili di produrre rifiuti urbani<\/strong> (quindi gli inquilini nel caso di case in affitto). <strong>Le aliquote, commisurate alla superficie, saranno parametrate dal Comune con ampia flessibilit\u00e0 ma comunque nel rispetto del principio comunitario \u201cchi inquina paga\u201d e in misura tale da garantire la copertura integrale del servizio<\/strong>.<\/p>\n<p><strong>La seconda componente (Tasi) sar\u00e0 a carico di chi occupa fabbricati<\/strong>. <strong>Il Comune potr\u00e0 scegliere come base imponibile o la superficie o la rendita catastale. Sar\u00e0 a carico sia del proprietario (in quanto i beni e servizi pubblici locali concorrono a determinare il valore commerciale dell\u2019immobile) che dell\u2019occupante (in quanto fruisce dei beni e servizi locali).<\/strong> Il Comune avr\u00e0 adeguati margini di manovra, nell\u2019ambito dei limiti fissati dalla legge statale.<\/p>\n<p>La capacit\u00e0 fiscale (cio\u00e8 il gettito potenziale che i Comuni potrebbero ottenere dal pieno utilizzo delle facolt\u00e0 di manovra fiscale sui loro tributi) sar\u00e0 preservata, nel pieno rispetto del principio federalista dell\u2019autonomia finanziaria di tutti i livelli di governo. L\u2019autonomia nella fissazione delle aliquote sar\u00e0 limitata verso l\u2019alto per evitare di accrescere la capacit\u00e0 fiscale e quindi il carico sui contribuenti, applicando aliquote massime complessive.<\/p>\n<p>Il Consiglio dei Ministri ha approvato anche altri provvedimenti: il <strong>Piano casa a favore delle categorie disagiate che <\/strong>interviene su mutui, prima casa e affitti; il decreto su 6.500 esodati e il provvedimento che rifinanzia la cassa integrazione con altri 500 milioni di euro.<\/p>\n<p>Le decisioni prese ieri sul\u2019Imu rappresentano un primo passo positivo, ma non \u00e8 ancora abbastanza<strong>. I<\/strong><strong>l prossimo scoglio da superare \u00e8 quello dell\u2019IVA: applicare l\u2019aumento significa trascinare il potere di acquisto, i consumi e la produzione industriale sotto i minimi storici, con conseguenze disastrose per l\u2019economia italiana.<\/strong><\/p>\n<p>Le risorse per tali operazioni potranno essere reperite senza pesare minimamente sulle tasche dei cittadini, attraverso un serio taglio agli sprechi (si cominci con il ribaltamento delle percentuali di taglio delle consulenze alla PA e delle auto blu, portandole rispettivamente al 90% e all\u201980%); una lotta senza quartiere all\u2019evasione fiscale e la vendita di almeno il 10-15% delle riserve auree.<\/p>\n<\/p><\/div>\n","protected":false},"excerpt":{"rendered":"<p>Addio Imu, arriva la Service Tax. Il Consiglio dei Ministri di ieri ha \u201cfinalmente\u201d abolito la tanto discussa Imu sulla prima casa, e quella sugli &#8230; <\/p>\n","protected":false},"author":1,"featured_media":0,"comment_status":"closed","ping_status":"closed","sticky":false,"template":"single-sidebar.php","format":"standard","meta":{"footnotes":""},"categories":[384],"tags":[],"class_list":["post-8102","post","type-post","status-publish","format-standard","hentry","category-c243-comunicati-stampa-dei-consiglieri-243"],"_links":{"self":[{"href":"https:\/\/archivio.comune.potenza.it\/index.php?rest_route=\/wp\/v2\/posts\/8102"}],"collection":[{"href":"https:\/\/archivio.comune.potenza.it\/index.php?rest_route=\/wp\/v2\/posts"}],"about":[{"href":"https:\/\/archivio.comune.potenza.it\/index.php?rest_route=\/wp\/v2\/types\/post"}],"author":[{"embeddable":true,"href":"https:\/\/archivio.comune.potenza.it\/index.php?rest_route=\/wp\/v2\/users\/1"}],"replies":[{"embeddable":true,"href":"https:\/\/archivio.comune.potenza.it\/index.php?rest_route=%2Fwp%2Fv2%2Fcomments&post=8102"}],"version-history":[{"count":0,"href":"https:\/\/archivio.comune.potenza.it\/index.php?rest_route=\/wp\/v2\/posts\/8102\/revisions"}],"wp:attachment":[{"href":"https:\/\/archivio.comune.potenza.it\/index.php?rest_route=%2Fwp%2Fv2%2Fmedia&parent=8102"}],"wp:term":[{"taxonomy":"category","embeddable":true,"href":"https:\/\/archivio.comune.potenza.it\/index.php?rest_route=%2Fwp%2Fv2%2Fcategories&post=8102"},{"taxonomy":"post_tag","embeddable":true,"href":"https:\/\/archivio.comune.potenza.it\/index.php?rest_route=%2Fwp%2Fv2%2Ftags&post=8102"}],"curies":[{"name":"wp","href":"https:\/\/api.w.org\/{rel}","templated":true}]}}