{"id":8166,"date":"2013-09-11T15:52:13","date_gmt":"2013-09-11T13:52:13","guid":{"rendered":"http:\/\/archivio.comune.potenza.it\/comune_wp\/?p=8166"},"modified":"2013-09-11T15:52:13","modified_gmt":"2013-09-11T13:52:13","slug":"carretta-pd-su-politica-e-mondo-cattolico","status":"publish","type":"post","link":"https:\/\/archivio.comune.potenza.it\/?p=8166","title":{"rendered":"Carretta (Pd) su politica e mondo cattolico"},"content":{"rendered":"<p style=\"text-align: justify;\">Il mondo cattolico continua ad interrogarsi su quanto stia accadendo e sugli scenari possibili per il futuro, e questa volta il monito giunge proprio dall&#8217;arcivescovo di Potenza Agostino Superbo, che, in occasione dei festeggiamenti in onore della Madonna di Viggiano, ha ricordato alla classe dirigente lucana la grande responsabilit\u00e0 che ha nei confronti dei giovani e di tutti coloro che vivono quotidianamente le difficolt\u00e0 della sopravvivenza.<span style=\"line-height: 1.3em;\">La crisi economica che riguarda l\u2019Italia, infatti, sta ormai investendo anche il ceto medio, schiacciato dalla mancanza o dalla perdita del lavoro e soprattutto dall&#8217;assenza di prospettive future.<\/span><span style=\"line-height: 1.3em;\">I segnali sono distinguibili ovunque, dalle mense, fino a poco tempo fa frequentate solo da stranieri e senzatetto e adesso anche da impiegati, signore borghesi e divorziati, alle aumentate cessazioni di imprese e attivit\u00e0 commerciali, a causa di un fisco oppressivo, un eccessivo costo del lavoro e una carenza di infrastrutture.<\/span><span style=\"line-height: 1.3em;\">I dati preoccupanti sugli indici di crescita della regione Basilicata per quanto riguarda il lavoro, generano una grave situazione occupazionale dalla quale appare difficile poter uscire nel breve periodo.<\/span><span style=\"line-height: 1.3em;\">L\u2019invito alla politica \u00e8 quello di operare con pacatezza ed equilibrio, di mettere fine al clima di rissa continua, di tensione costante e di conflittualit\u00e0 permanente che si registra nella vita pubblica del Paese e ai cattolici, in particolare, di assumere una nuova posizione che generi nuove idee e un nuovo centro dal quale far ripartire l\u2019Italia, aprendo una nuova stagione fatta dalla gente comune e da una nuova legge elettorale che sia l\u2019inizio di una fase politicamente innovativa.<\/span><span style=\"line-height: 1.3em;\">\u00c8 doveroso, dunque, che in questo periodo di crisi di rigore amministrativo, si finalizzino le risorse in modo chiaro, verso pochi obiettivi strategici, che sicuramente devono essere il completamento infrastrutturale e le misure destinate all\u2019occupazione.<\/span><span style=\"line-height: 1.3em;\">Affinch\u00e9 il \u201cgrido di dolore\u201d del mondo cattolico non rimanga inascoltato, vi \u00e8 la necessit\u00e0 di costruire una nuova identit\u00e0, o meglio, di riappropriarsi di quella che si aveva un tempo, prima che ci si appiattisse tralasciando la vera politica, fatta tra la gente comune e per le strade.<\/span><span style=\"line-height: 1.3em;\">Quando si riconquister\u00e0 il contatto con la gente e si ritorner\u00e0 a discutere del problemi veri che attanagliano il nostro Paese, si avvier\u00e0 un vero processo di rinnovamento, improntato alla qualit\u00e0 e all\u2019autonomia di pensiero, in grado di gestire tutte le questioni rilevanti elevandole a priorit\u00e0 politica nel sistema Italia e, nel nostro specifico, nel sistema Basilicata.<\/span><\/p>\n","protected":false},"excerpt":{"rendered":"<p>Il mondo cattolico continua ad interrogarsi su quanto stia accadendo e sugli scenari possibili per il futuro, e questa volta il monito giunge proprio dall&#8217;arcivescovo &#8230; <\/p>\n","protected":false},"author":1,"featured_media":0,"comment_status":"closed","ping_status":"closed","sticky":false,"template":"single-sidebar.php","format":"standard","meta":{"footnotes":""},"categories":[384],"tags":[],"class_list":["post-8166","post","type-post","status-publish","format-standard","hentry","category-c243-comunicati-stampa-dei-consiglieri-243"],"_links":{"self":[{"href":"https:\/\/archivio.comune.potenza.it\/index.php?rest_route=\/wp\/v2\/posts\/8166"}],"collection":[{"href":"https:\/\/archivio.comune.potenza.it\/index.php?rest_route=\/wp\/v2\/posts"}],"about":[{"href":"https:\/\/archivio.comune.potenza.it\/index.php?rest_route=\/wp\/v2\/types\/post"}],"author":[{"embeddable":true,"href":"https:\/\/archivio.comune.potenza.it\/index.php?rest_route=\/wp\/v2\/users\/1"}],"replies":[{"embeddable":true,"href":"https:\/\/archivio.comune.potenza.it\/index.php?rest_route=%2Fwp%2Fv2%2Fcomments&post=8166"}],"version-history":[{"count":0,"href":"https:\/\/archivio.comune.potenza.it\/index.php?rest_route=\/wp\/v2\/posts\/8166\/revisions"}],"wp:attachment":[{"href":"https:\/\/archivio.comune.potenza.it\/index.php?rest_route=%2Fwp%2Fv2%2Fmedia&parent=8166"}],"wp:term":[{"taxonomy":"category","embeddable":true,"href":"https:\/\/archivio.comune.potenza.it\/index.php?rest_route=%2Fwp%2Fv2%2Fcategories&post=8166"},{"taxonomy":"post_tag","embeddable":true,"href":"https:\/\/archivio.comune.potenza.it\/index.php?rest_route=%2Fwp%2Fv2%2Ftags&post=8166"}],"curies":[{"name":"wp","href":"https:\/\/api.w.org\/{rel}","templated":true}]}}