{"id":8169,"date":"2013-09-11T15:58:00","date_gmt":"2013-09-11T13:58:00","guid":{"rendered":"http:\/\/archivio.comune.potenza.it\/comune_wp\/?p=8169"},"modified":"2013-09-11T15:58:00","modified_gmt":"2013-09-11T13:58:00","slug":"fiore-pd-cambiamo-il-pd-cambiamolo-noi","status":"publish","type":"post","link":"https:\/\/archivio.comune.potenza.it\/?p=8169","title":{"rendered":"Fiore (Pd): cambiamo il Pd, cambiamolo noi"},"content":{"rendered":"<p style=\"text-align: justify;\">Il PD ha per anni incentrato la sua azione politica sull\u2019antiberlusconismo e sull\u2019azione antidemocratica che lo stesso Berlusconi ha utilizzato per esercitare il ruolo politico, un esempio su tutti: la legge elettorale. Oggi apprendiamo che metodi e logiche proprie del partito di Berlusconi hanno contaminato anche il partito democratico. E\u2019 singolare apprendere dalla stampa della nomina di un nuovo segretario regionale per \u201cdecreto divino\u201d ad opera del segretario nazionale ed in seguito alle dimissioni dell\u2019on. Speranza che ha guidato il partito lucano fino all\u2019organizzazione delle primarie ed alla ricerca di qualche discutibile accordo di potere. Questo modo e questi metodi, cari amici del PD, appartengono al passato. Raccontano di gruppi che, a tutti i costi, vogliono mantenere il potere, modificando le regole, \u00a0\u00a0facendosi \u201cnominare\u201d. Cari vecchi dirigenti, questo sistema rappresenta il vecchio, il vecchio che cercheremo di non far tornare. <em>Cambiamo questo PD<\/em>. \u00a0<span style=\"line-height: 1.3em;\">Esprimiamo soddisfazione \u201cvera\u201d per il ricorso alla primarie per la scelta del candidato presidente della regione, lo avevano richiesto a gran voce nel manifesto politico redatto e presentato nello scorso mese di giugno, \u201cl\u2019#openPD che vogliamo\u201d. \u00a0Siamo ancora convinti che i contenuti di quel manifesto siano la base di partenza per un cambiamento vero, ed \u00e8 proprio sul contenuto e la condivisione di quel manifesto che valuteremo il nostro sostegno ad uno dei candidati alle primarie.<\/span><span style=\"line-height: 1.3em;\">E\u2019 quanto meno singolare apprendere di improvvisati ed inesistenti \u201cassemblee regionali di renziani\u201d finalizzate alla redazione di \u201cpunti\u201d sulla base della cui sottoscrizione immaginare di individuare un candidato da sostenere. Non si redicono punti programmatici a dieci giorni dal voto e con i candidati ufficializzati, \u00e8 una cosa quanto meno dubbia e sospettosa. Cos\u00ec come non pu\u00f2 essere indifferente quanto del vecchio apparato dirigente del partito ci sia nel sostegno di un singolo candidato alle primarie. Il rinnovamento non \u00e8 solo una questione anagrafica ma di sostanza, e soprattutto metodologica e certe uscite sulla stampa sanno dei pi\u00f9 vecchi metodi politici di un tempo.<\/span><span style=\"line-height: 1.3em;\">Il nostro obiettivo non \u00e8 cambiato, siamo convinti che la nuova fase\u00a0 politica, che inevitabilmente si avvier\u00e0 anche in Basilicata e di cui vi \u00e8 una sempre maggiore esigenza, si caratterizzer\u00e0 per alcune delle idee messe in campo dal sindaco di Firenze. Attraverso queste idee <\/span><em style=\"line-height: 1.3em;\">cambieremo questo PD<\/em><span style=\"line-height: 1.3em;\"> ed anche in Basilicata si aprir\u00e0 una nuova stagione per un reale rilancio della nostra Regione, per un PD pi\u00f9 forte, pi\u00f9 protagonista e soprattutto pi\u00f9 democratico.<\/span><\/p>\n","protected":false},"excerpt":{"rendered":"<p>Il PD ha per anni incentrato la sua azione politica sull\u2019antiberlusconismo e sull\u2019azione antidemocratica che lo stesso Berlusconi ha utilizzato per esercitare il ruolo politico, &#8230; <\/p>\n","protected":false},"author":1,"featured_media":0,"comment_status":"closed","ping_status":"closed","sticky":false,"template":"single-sidebar.php","format":"standard","meta":{"footnotes":""},"categories":[384],"tags":[],"class_list":["post-8169","post","type-post","status-publish","format-standard","hentry","category-c243-comunicati-stampa-dei-consiglieri-243"],"_links":{"self":[{"href":"https:\/\/archivio.comune.potenza.it\/index.php?rest_route=\/wp\/v2\/posts\/8169"}],"collection":[{"href":"https:\/\/archivio.comune.potenza.it\/index.php?rest_route=\/wp\/v2\/posts"}],"about":[{"href":"https:\/\/archivio.comune.potenza.it\/index.php?rest_route=\/wp\/v2\/types\/post"}],"author":[{"embeddable":true,"href":"https:\/\/archivio.comune.potenza.it\/index.php?rest_route=\/wp\/v2\/users\/1"}],"replies":[{"embeddable":true,"href":"https:\/\/archivio.comune.potenza.it\/index.php?rest_route=%2Fwp%2Fv2%2Fcomments&post=8169"}],"version-history":[{"count":0,"href":"https:\/\/archivio.comune.potenza.it\/index.php?rest_route=\/wp\/v2\/posts\/8169\/revisions"}],"wp:attachment":[{"href":"https:\/\/archivio.comune.potenza.it\/index.php?rest_route=%2Fwp%2Fv2%2Fmedia&parent=8169"}],"wp:term":[{"taxonomy":"category","embeddable":true,"href":"https:\/\/archivio.comune.potenza.it\/index.php?rest_route=%2Fwp%2Fv2%2Fcategories&post=8169"},{"taxonomy":"post_tag","embeddable":true,"href":"https:\/\/archivio.comune.potenza.it\/index.php?rest_route=%2Fwp%2Fv2%2Ftags&post=8169"}],"curies":[{"name":"wp","href":"https:\/\/api.w.org\/{rel}","templated":true}]}}