{"id":8173,"date":"2013-09-11T16:05:31","date_gmt":"2013-09-11T14:05:31","guid":{"rendered":"http:\/\/archivio.comune.potenza.it\/comune_wp\/?p=8173"},"modified":"2013-09-11T16:05:31","modified_gmt":"2013-09-11T14:05:31","slug":"gesualdi-con-santarsiero-per-potenza-su-candidatura-benedetto","status":"publish","type":"post","link":"https:\/\/archivio.comune.potenza.it\/?p=8173","title":{"rendered":"Gesualdi (con Santarsiero per Potenza) su candidatura Benedetto"},"content":{"rendered":"<p style=\"text-align: justify;\"><span style=\"line-height: 1.3em;\">\u201cLa candidatura di Nicola Benedetto alle Primarie rappresenta un\u2019opportunit\u00e0 per quanti nel centrosinistra non si riconoscono nel Pd; \u00e8 un valore aggiunto a favore del pluralismo di opinioni che \u00e8 uno degli elementi essenziali per vincere le elezioni regionali\u201d. E\u2019 il commento del consigliere comunale di Potenza Filippo Gesualdi che aggiunge: \u201cl\u2019area riformista e moderata, da sempre anima pensante del centrosinistra e portatrice di valori culturali, civili e sociali, ha dunque un punto di riferimento che \u00e8 ancora pi\u00f9 rilevante perch\u00e9 fuori dagli apparati e dagli schieramenti che sostengono i due candidati del Pd. Una candidatura che \u2013 dice Gesualdi \u2013 consente di guardare con maggiore fiducia alle Primarie perch\u00e9 assegna agli elettori del centrosinistra la possibilit\u00e0 di una terza opzione tra le altre pi\u00f9 scontate e all\u2019insegna della continuit\u00e0. Una chiara opzione di discontinuit\u00e0. Per la citt\u00e0 di Potenza \u00e8 questa l\u2019occasione di un confronto positivo sui programmi e le proposte di Nicola Benedetto che non ha mai guardato ai due territori e ai due capoluoghi come entit\u00e0 separate ma che punta ad un nuovo modello di sviluppo regionale nel quale Potenza e Matera hanno ruoli distinti e complementari all\u2019interno di una visione unica nella quale l\u2019imprenditoria, l\u2019autoimprenditoria giovanile, le piccole attivit\u00e0 commerciali, artigiane e di servizio sono il motore del nuovo processo da avviare\u201d. \u00a0 \u00a0 \u00a0\u00a0<\/span><\/p>\n","protected":false},"excerpt":{"rendered":"<p>\u201cLa candidatura di Nicola Benedetto alle Primarie rappresenta un\u2019opportunit\u00e0 per quanti nel centrosinistra non si riconoscono nel Pd; \u00e8 un valore aggiunto a favore del &#8230; <\/p>\n","protected":false},"author":1,"featured_media":0,"comment_status":"closed","ping_status":"closed","sticky":false,"template":"single-sidebar.php","format":"standard","meta":{"footnotes":""},"categories":[384],"tags":[],"class_list":["post-8173","post","type-post","status-publish","format-standard","hentry","category-c243-comunicati-stampa-dei-consiglieri-243"],"_links":{"self":[{"href":"https:\/\/archivio.comune.potenza.it\/index.php?rest_route=\/wp\/v2\/posts\/8173"}],"collection":[{"href":"https:\/\/archivio.comune.potenza.it\/index.php?rest_route=\/wp\/v2\/posts"}],"about":[{"href":"https:\/\/archivio.comune.potenza.it\/index.php?rest_route=\/wp\/v2\/types\/post"}],"author":[{"embeddable":true,"href":"https:\/\/archivio.comune.potenza.it\/index.php?rest_route=\/wp\/v2\/users\/1"}],"replies":[{"embeddable":true,"href":"https:\/\/archivio.comune.potenza.it\/index.php?rest_route=%2Fwp%2Fv2%2Fcomments&post=8173"}],"version-history":[{"count":0,"href":"https:\/\/archivio.comune.potenza.it\/index.php?rest_route=\/wp\/v2\/posts\/8173\/revisions"}],"wp:attachment":[{"href":"https:\/\/archivio.comune.potenza.it\/index.php?rest_route=%2Fwp%2Fv2%2Fmedia&parent=8173"}],"wp:term":[{"taxonomy":"category","embeddable":true,"href":"https:\/\/archivio.comune.potenza.it\/index.php?rest_route=%2Fwp%2Fv2%2Fcategories&post=8173"},{"taxonomy":"post_tag","embeddable":true,"href":"https:\/\/archivio.comune.potenza.it\/index.php?rest_route=%2Fwp%2Fv2%2Ftags&post=8173"}],"curies":[{"name":"wp","href":"https:\/\/api.w.org\/{rel}","templated":true}]}}