{"id":8175,"date":"2013-09-11T16:09:12","date_gmt":"2013-09-11T14:09:12","guid":{"rendered":"http:\/\/archivio.comune.potenza.it\/comune_wp\/?p=8175"},"modified":"2013-09-11T16:09:12","modified_gmt":"2013-09-11T14:09:12","slug":"becce-pdl-su-candidatura-stella","status":"publish","type":"post","link":"https:\/\/archivio.comune.potenza.it\/?p=8175","title":{"rendered":"Becce (Pdl) su candidatura Stella"},"content":{"rendered":"<p style=\"text-align: justify;\">Ormai siamo prossimi alle elezioni regionale, dato che il tempo della politica trascorre velocemente non si certo rimanere fermi aspettando che gli eventi arrivino da s\u00e9. Assistiamo a una mezza implosione interna del Partito Democratico che ha evidenti difficolt\u00e0 a trovare il candidato governatore, per ora sono solo nomi. Lo stesso centrosinistra \u00e8 immobile aspettando le decisioni del socio di maggioranza Pd. In ogni caso saranno capaci di cambiare tutto o quasi per non cambiare nulla. La Basilicata resta sempre nei fanalini di coda per produzione industriale, per il turismo, per la qualit\u00e0 della vita ma nei primi posti per disoccupazione ed emigrazione. Sono l\u2019eredit\u00e0 di 15 anni di pessimo governo per le sinistre. Il centrodestra ha ora un\u2019occasione unica per poter vincere le elezioni regionali se attua una strategia vincente e riesce a trovare un ottimo candidato alla presidenza della Giunta Regionale di Basilicata.<\/p>\n<p style=\"text-align: justify;\">Il primo obiettivo deve essere riuscire a sfondare al centro per poter raccogliere quel consenso che ora per mille ragioni va al centrosinistra ma che si \u201ctura il naso\u201d e li vota. In realt\u00e0 la Basilicata \u00e8 una regione di moderati e di cittadini che voterebbero una coalizione che possa rappresentarli per bene, cosa che ora non succede. Il centrodestra pu\u00f2 rappresentarli perch\u00e9 \u00e8 nel suo dna essere la casa dei moderati e non dimentichiamo che il Pdl fa parte del Partito Popolare Europeo. Invece il Pd tutto \u00e8 che moderato, anzi sta dimostrando di essere un partito manicheo composto di correnti e correntine che hanno il solo obiettivo della conquista del potere. In Basilicata poi \u00e8 il Partito Regione che amministra il potere per le filiere e amministra male per i cittadini. Se la condizione necessaria \u00e8 un candidato che possa rappresentare i moderati di certo bisogna avere anche una grande capacit\u00e0 amministrativa. Chi vincer\u00e0 si trover\u00e0 a governare una Regione immobile, con soldi spesi a pioggia e senza un progetto strategico di sviluppo. Si trover\u00e0 una Basilicata con aziende che chiudono e ragazzi che partono. Si trover\u00e0 una Basilicata con basso tenore di vita fra i cittadini e multinazionali che si arricchiscono con il petrolio. Il centrodestra deve candidare un uomo che sappia amministrare un ente pubblico complesso, che abbia conoscenza di come si muove l\u2019apparato burocratico, che sappia dire di no alle innumerevoli richieste clientelari.<span style=\"line-height: 1.3em;\">Inoltre il candidato deve essere una persona che abbia anche la visione strategica di un possibile sviluppo onde individuare su quali campi investire e in quali campi tagliare la spesa inutile.<\/span><span style=\"line-height: 1.3em;\">Certo sembrerebbe che un candidato del genere non esista o sia impossibile trovarlo, invece il centrodestra potrebbe averlo. Si tratta di Franco Stella, attuale presidente della Provincia di Matera.<\/span><span style=\"line-height: 1.3em;\">Un uomo che ha dimostrato sul campo di avere queste qualit\u00e0, senza ombra di dubbio e un uomo che \u00e8 apprezzato tanto da poter essere senza ombra di dubbio un candidato esterno dai giochi di palazzo che pu\u00f2 raccogliere il consenso del cittadino medio.<\/span><span style=\"line-height: 1.3em;\">Ultimo ma non meno importante, nel corso del suo mandato quale presidente della Provincia di Matera, oltre alle capacit\u00e0 gestionali, Franco Stella ha dimostrato autorevolezza e un alto senso delle Istituzioni, caratteristiche che in questo periodo di crisi etica nella politica servono a poter dare il giusto decoro alla Regione Basilicata.<\/span><\/p>\n<p>\u00a0<\/p>\n","protected":false},"excerpt":{"rendered":"<p>Ormai siamo prossimi alle elezioni regionale, dato che il tempo della politica trascorre velocemente non si certo rimanere fermi aspettando che gli eventi arrivino da &#8230; <\/p>\n","protected":false},"author":1,"featured_media":0,"comment_status":"closed","ping_status":"closed","sticky":false,"template":"single-sidebar.php","format":"standard","meta":{"footnotes":""},"categories":[384],"tags":[],"class_list":["post-8175","post","type-post","status-publish","format-standard","hentry","category-c243-comunicati-stampa-dei-consiglieri-243"],"_links":{"self":[{"href":"https:\/\/archivio.comune.potenza.it\/index.php?rest_route=\/wp\/v2\/posts\/8175"}],"collection":[{"href":"https:\/\/archivio.comune.potenza.it\/index.php?rest_route=\/wp\/v2\/posts"}],"about":[{"href":"https:\/\/archivio.comune.potenza.it\/index.php?rest_route=\/wp\/v2\/types\/post"}],"author":[{"embeddable":true,"href":"https:\/\/archivio.comune.potenza.it\/index.php?rest_route=\/wp\/v2\/users\/1"}],"replies":[{"embeddable":true,"href":"https:\/\/archivio.comune.potenza.it\/index.php?rest_route=%2Fwp%2Fv2%2Fcomments&post=8175"}],"version-history":[{"count":0,"href":"https:\/\/archivio.comune.potenza.it\/index.php?rest_route=\/wp\/v2\/posts\/8175\/revisions"}],"wp:attachment":[{"href":"https:\/\/archivio.comune.potenza.it\/index.php?rest_route=%2Fwp%2Fv2%2Fmedia&parent=8175"}],"wp:term":[{"taxonomy":"category","embeddable":true,"href":"https:\/\/archivio.comune.potenza.it\/index.php?rest_route=%2Fwp%2Fv2%2Fcategories&post=8175"},{"taxonomy":"post_tag","embeddable":true,"href":"https:\/\/archivio.comune.potenza.it\/index.php?rest_route=%2Fwp%2Fv2%2Ftags&post=8175"}],"curies":[{"name":"wp","href":"https:\/\/api.w.org\/{rel}","templated":true}]}}