{"id":8176,"date":"2013-09-11T16:12:22","date_gmt":"2013-09-11T14:12:22","guid":{"rendered":"http:\/\/archivio.comune.potenza.it\/comune_wp\/?p=8176"},"modified":"2013-09-11T16:12:22","modified_gmt":"2013-09-11T14:12:22","slug":"molinari-opp-su-rimodulazione-fondi-per-opere-pisus-a-potenza","status":"publish","type":"post","link":"https:\/\/archivio.comune.potenza.it\/?p=8176","title":{"rendered":"Molinari (Opp) su rimodulazione fondi per opere Pisus a Potenza"},"content":{"rendered":"<p style=\"text-align: justify;\"><span style=\"line-height: 1.3em;\">Il consigliere comunale di Potenza Giuseppe Molinari, comunicando la risposta ad una sua interrogazione circa lo stato di attuazione degli interventi previsti dai Pisus, evidenzia come il sindaco del capoluogo di regione abbia ancora una volta parlato di risultati che tardano a concretizzarsi.<\/span><span style=\"line-height: 1.3em;\">\u201cHo chiesto -spiega Molinari- chiarimenti circa un comunicato stampa diffuso dalla Regione Basilicata con cui si annunciava l&#8217;attribuzione al Comune di Potenza, attraverso il programma rafforzato di Sviluppo e coesione, di circa 26 milioni di euro per finanziare 19 interventi di cui quattro immediatamente cantierabili per un importo di 3.574.200 euro e che riguardano l&#8217;attuazione del piano di infomobilit\u00e0, la realizzazione di fermate e percorsi senza barriere, la creazione dello sportello unico dei servizi sociali, l&#8217;adeguamento della Galleria Civica e della Cappella dei Celestini. In particolare ho chiesto un aggiornamento sugli altri 15 progetti (per un importo complessivo di 22.425.800 euro) e sulla tempistica necessaria per rendere effettivamente disponibile la cifra messa a disposizione dalla Regione Basilicata.\u00a0 Il sindaco ha spiegato che i progetti saranno realizzati attraverso due canali di finanziamento quelli del Po Fesr e del Fondo di sviluppo e coesione (rimodulazione resasi necessaria in seguito al mancato rispetto del precedente cronoprogramma). In tutto 46 milioni di euro, ha detto il sindaco, sono immediatamente disponibili visto che sono state definite le intese e firmati gli atti e gli accordi sia con il Ministero sia con la Regione Basilicata, nel caso specifico del Fondo di sviluppo e coesione, sia con il comitato di sorveglianza. Sull&#8217;utilizzo delle risorse, dieci milioni di euro sono destinati al sostegno delle attivit\u00e0 produttive. A riguardo il sindaco ha comunicato che il finanziamento \u00e8 gi\u00e0 in una fase di utilizzo ma al momento, dopo tre anni circa, nulla di concreto per le imprese di Potenza che avevano partecipato ai bandi a sostegno delle attivit\u00e0 produttive e questo a causa dei ritardi della Regione Basilicata la quale si \u00e8 presa la responsabilit\u00e0, per non fare un nuovo bando, di velocizzare lo scorrimento delle graduatorie. Nel luglio 2012 la Regione aveva deciso di provvedere a velocizzare il procedimento ma dopo un periodo lungo di attesa alcune delle imprese rientranti nella graduatoria potrebbero gi\u00e0 essere arrivate alla chiusura o non ritenere pi\u00f9 valido il progetto per cui avevano fatto domanda di finanziamento\u201d.<\/span><span style=\"line-height: 1.3em;\">\u201cEntro questo mese -continua Molinari- dovrebbero concludersi, come ha assicurato il sindaco, l&#8217;avviso pubblico per due milioni di euro circa in favore del settore ricerca e sviluppo, sia quello per due milioni di euro\u00a0 indirizzato al sociale ed a sostegno di tutte le cooperative, aziende ed attivit\u00e0 che operano nel settore. Per quanto riguarda, invece, i 26 milioni di euro del Fondo di sviluppo e coesione i 19 interventi previsti con un cronoprogramma dovranno essere conclusi entro 48 mesi. L&#8217;intesa con la Regione Basilicata, Universit\u00e0 e Comune di Potenza prevede anche i 15 milioni di euro da assegnare all&#8217;ateneo lucano per la realizzazione di una casa dello studente nell&#8217;area della Fornace Ierace. Concludendo il sindaco ha evidenziato che i fondi sono immediatamente disponibili spiegando come per la Cappella dei Celestini e lo sportello unico dei servizi sociali siano state espletate le gare mentre sono in fase avanzata quelle per \u201cA piedi in citt\u00e0\u201d e \u201cInfombilit\u00e0\u201d ma sono evidenti -sottolinea Molinari- i ritardi rispetto alla programmazione dei Pisus 2009-2011\u201d.\u00a0<\/span><span style=\"line-height: 1.3em;\">Il consigliere comunale evidenzia \u201ccome nessun cantiere \u00e8 stato ancora aperto e sono noti i ritardi legati anche al progetto di bypassare i tre passaggi a livello nella citt\u00e0 di Potenza. Si attende un lieto fine per il secondo bando delle Fal. Sarebbe, inoltre, necessario illustrare o nella commissione consiliare competente o in Consiglio comunale il cronoprogramma degli interventi cos\u00ec che si possa verificare anche la validit\u00e0 di tutti in quanto sono passati tre anni dalla loro progettazione. Per lo scorrimento delle domande bisognerebbe, invece, insistere con la Regione Basilicata affinch\u00e8 proceda velocemente ad assegnare le risorse agli imprenditori che ne hanno fatto richiesta\u201d.<\/span><\/p>\n","protected":false},"excerpt":{"rendered":"<p>Il consigliere comunale di Potenza Giuseppe Molinari, comunicando la risposta ad una sua interrogazione circa lo stato di attuazione degli interventi previsti dai Pisus, evidenzia &#8230; <\/p>\n","protected":false},"author":1,"featured_media":0,"comment_status":"closed","ping_status":"closed","sticky":false,"template":"single-sidebar.php","format":"standard","meta":{"footnotes":""},"categories":[384],"tags":[],"class_list":["post-8176","post","type-post","status-publish","format-standard","hentry","category-c243-comunicati-stampa-dei-consiglieri-243"],"_links":{"self":[{"href":"https:\/\/archivio.comune.potenza.it\/index.php?rest_route=\/wp\/v2\/posts\/8176"}],"collection":[{"href":"https:\/\/archivio.comune.potenza.it\/index.php?rest_route=\/wp\/v2\/posts"}],"about":[{"href":"https:\/\/archivio.comune.potenza.it\/index.php?rest_route=\/wp\/v2\/types\/post"}],"author":[{"embeddable":true,"href":"https:\/\/archivio.comune.potenza.it\/index.php?rest_route=\/wp\/v2\/users\/1"}],"replies":[{"embeddable":true,"href":"https:\/\/archivio.comune.potenza.it\/index.php?rest_route=%2Fwp%2Fv2%2Fcomments&post=8176"}],"version-history":[{"count":0,"href":"https:\/\/archivio.comune.potenza.it\/index.php?rest_route=\/wp\/v2\/posts\/8176\/revisions"}],"wp:attachment":[{"href":"https:\/\/archivio.comune.potenza.it\/index.php?rest_route=%2Fwp%2Fv2%2Fmedia&parent=8176"}],"wp:term":[{"taxonomy":"category","embeddable":true,"href":"https:\/\/archivio.comune.potenza.it\/index.php?rest_route=%2Fwp%2Fv2%2Fcategories&post=8176"},{"taxonomy":"post_tag","embeddable":true,"href":"https:\/\/archivio.comune.potenza.it\/index.php?rest_route=%2Fwp%2Fv2%2Ftags&post=8176"}],"curies":[{"name":"wp","href":"https:\/\/api.w.org\/{rel}","templated":true}]}}