{"id":8177,"date":"2013-09-11T16:14:16","date_gmt":"2013-09-11T14:14:16","guid":{"rendered":"http:\/\/archivio.comune.potenza.it\/comune_wp\/?p=8177"},"modified":"2013-09-11T16:14:16","modified_gmt":"2013-09-11T14:14:16","slug":"molinari-opp-su-trasporto-pubblico-urbano-in-vista-dell-apertura-delle-scuole","status":"publish","type":"post","link":"https:\/\/archivio.comune.potenza.it\/?p=8177","title":{"rendered":"Molinari (Opp) su trasporto pubblico urbano in vista dell&#8217;apertura delle scuole"},"content":{"rendered":"<div class=\"WordSection1\" style=\"text-align: justify;\"><span style=\"line-height: 1.3em;\">Il consigliere comunale di Potenza Giuseppe Molinari chieder\u00e0 all&#8217;amministrazione comunale di spiegare, in vista della prossima apertura delle scuole, che fine dovr\u00e0 fare il nuovo piano di esercizio del trasporto pubblico urbano nella citt\u00e0 di Potenza, entrato in vigore lo scorso 15 gennaio per rispondere alle esigenze di risparmio, razionalizzazione delle risorse nell&#8217;ottica di garantire ugualmente un buon servizio all&#8217;utenza. &#8220;Dopo le numerose proteste dei cittadini, comitati di quartiere, associazioni di categoria, studenti e dopo un consiglio comunale ad hoc richiesto dai gruppi di opposizione -evidenzia Molinari- sono state accolte alcune importanti modifiche in base alle osservazioni e proposte venute fuori anche in sede di commissione consiliare competente ma ad oggi di concreto non \u00e8 stato fatto nulla e tutto, nella sostanza, \u00e8 rimasto invariato&#8221;.<\/span><span style=\"line-height: 1.3em;\">Secondo Molinari &#8220;non \u00e8 stato fatto nulla dei buoni propositi che si sono persi nelle nebbie degli annunci e dei comunicati stampa mentre continuano a registrarsi i disagi dei cittadini in particolare in alcuni rioni come quello di Poggio tre Galli, Malvaccaro, Bucaletto. Quando si riaprir\u00e0 la scuola non sono pochi gli istituti che risultano mal collegati con le diverse zone della citt\u00e0&#8221;.<\/span><span style=\"line-height: 1.3em;\">&#8220;Bisogna ricordare -continua il consigliere- che il nuovo piano di esercizio del trasporto pubblico urbano prevedeva, come stabilito dall&#8217;amministrazione comunale, 500 mila chilometri in meno e due milioni di risparmio sulla spesa annuale necessaria a garantire il servizio. Dopo tutte le modifiche accolte, per\u00f2, il piano di trasporto prevede 300 mila chilometri in pi\u00f9 ed un aumento del costo di circa un milione e mezzo di euro. Questa somma aggiuntiva, secondo l&#8217;amministrazione comunale, dovrebbe essere raggiunta con il sostegno economico della Regione Basilicata mentre dopo circa otto mesi dall&#8217;avvio del nuovo piano di trasporti i cittadini continuano a viaggiare gratis sugli autobus. A distanza di tempo, dunque, nulla \u00e8 stato fatto se non la solita richiesta generica alla Regione Basilicata diventata ormai \u201cil bancomat\u201d del Comune di Potenza. Ogni problema si tende a scaricarlo sulla Regione senza, per\u00f2, avviare al contempo progetti seri di risanamento per garantire almeno nei settori che riguardano servizi essenziali risorse sufficienti al loro funzionamento&#8221;.<\/span><span style=\"line-height: 1.3em;\">&#8220;Alla questione relativa al servizio di trasporto pubblico urbano si aggiunge anche quest&#8217;anno quello relativo alle mense scolastiche. Nel bilancio del comune di Potenza, infatti, dovrebbero essere indicate cifre precise da dedicare a queste importanti spese ed, invece, si assiste sempre \u2013 conclude Molinari- alla solita politica della protesta&#8221;.<\/span><\/div>\n","protected":false},"excerpt":{"rendered":"<p>Il consigliere comunale di Potenza Giuseppe Molinari chieder\u00e0 all&#8217;amministrazione comunale di spiegare, in vista della prossima apertura delle scuole, che fine dovr\u00e0 fare il nuovo &#8230; <\/p>\n","protected":false},"author":1,"featured_media":0,"comment_status":"closed","ping_status":"closed","sticky":false,"template":"single-sidebar.php","format":"standard","meta":{"footnotes":""},"categories":[384],"tags":[],"class_list":["post-8177","post","type-post","status-publish","format-standard","hentry","category-c243-comunicati-stampa-dei-consiglieri-243"],"_links":{"self":[{"href":"https:\/\/archivio.comune.potenza.it\/index.php?rest_route=\/wp\/v2\/posts\/8177"}],"collection":[{"href":"https:\/\/archivio.comune.potenza.it\/index.php?rest_route=\/wp\/v2\/posts"}],"about":[{"href":"https:\/\/archivio.comune.potenza.it\/index.php?rest_route=\/wp\/v2\/types\/post"}],"author":[{"embeddable":true,"href":"https:\/\/archivio.comune.potenza.it\/index.php?rest_route=\/wp\/v2\/users\/1"}],"replies":[{"embeddable":true,"href":"https:\/\/archivio.comune.potenza.it\/index.php?rest_route=%2Fwp%2Fv2%2Fcomments&post=8177"}],"version-history":[{"count":0,"href":"https:\/\/archivio.comune.potenza.it\/index.php?rest_route=\/wp\/v2\/posts\/8177\/revisions"}],"wp:attachment":[{"href":"https:\/\/archivio.comune.potenza.it\/index.php?rest_route=%2Fwp%2Fv2%2Fmedia&parent=8177"}],"wp:term":[{"taxonomy":"category","embeddable":true,"href":"https:\/\/archivio.comune.potenza.it\/index.php?rest_route=%2Fwp%2Fv2%2Fcategories&post=8177"},{"taxonomy":"post_tag","embeddable":true,"href":"https:\/\/archivio.comune.potenza.it\/index.php?rest_route=%2Fwp%2Fv2%2Ftags&post=8177"}],"curies":[{"name":"wp","href":"https:\/\/api.w.org\/{rel}","templated":true}]}}