{"id":8206,"date":"2013-09-17T10:05:16","date_gmt":"2013-09-17T08:05:16","guid":{"rendered":"http:\/\/archivio.comune.potenza.it\/comune_wp\/?p=8206"},"modified":"2013-09-17T10:05:16","modified_gmt":"2013-09-17T08:05:16","slug":"nicola-becce-popolo-della-liberta-la-politica-vista-a-360","status":"publish","type":"post","link":"https:\/\/archivio.comune.potenza.it\/?p=8206","title":{"rendered":"Nicola Becce (Popolo della Libert\u00e0): La politica vista a 360\u00b0"},"content":{"rendered":"<p>Il dibattito elettorale \u00e8 entrato nel vivo. In attesa di conoscere nomi, candidature, protagonisti, programmi ed idee, tutti i partiti sono al lavoro per le Regionali di novembre. Un appuntamento atteso e decisivo per le sorti della nostra Basilicata e che dopo i fatti di Rimborsopoli rappresenta un test decisivo per un&#8217;intera classe politica. Certo, c&#8217;\u00e8 poi da fronteggiare anche l&#8217;assalto del Movimento 5 Stelle ma, a giudicare dal brodino di demagogia e slogan &#8211; che gi\u00e0 a livello nazionale\u00a0 ha lasciato il tempo che trova &#8211; \u00e8 evidente che questa volta saranno i programmi e la seriet\u00e0 delle proposte politiche a fare la differenza. Non vincer\u00e0 chi urla di pi\u00f9, ma chi sar\u00e0 in grado di privilegiare merito, professionalit\u00e0, bravura dei singoli. Troppi giovani e troppe famiglie sono costrette ad andare con il cappello in mano al cospetto di questa classe dirigente che spadroneggia da pi\u00f9 di vent\u2019anni.\u00a0E&#8217; questo che bisogner\u00e0 sradicare spiegando anche perch\u00e8 negli anni di governo del centrosinistra tanto la citt\u00e0 capoluogo quanto la Basilicata hanno subito una forte regressione. E&#8217; appena il caso di ricordare infatti che le Regionali di novembre faranno da apripista alla partita che si giocher\u00e0 a Potenza dove si voter\u00e0 per chiudere definitivamente &#8211; spero &#8211; la parentesi Santarsiero. E&#8217; a Potenza 2014 che in tanti gi\u00e0 guardano in termini di rilancio e di prospettive politiche. A tutti loro, mi sento di ricordare che il capoluogo rappresenta s\u00ec\u00a0 il motore della regione, ma non pu\u00f2 accentrare tutto il dibattito politico. Come dire: la regione pensi al capoluogo ricordandone il ruolo in termini di erogazione di servizi e di barometro della politica, ma la citt\u00e0 (e tutti i partiti, compresi i dirigenti) ricordino di ragionare nell&#8217;ottica dell&#8217;insieme. La Basilicata cresce se cresce anche Potenza e viceversa. Non sfugga infatti la caduta verticale di una regione che, nonostante le sue risorse e delle potenzialit\u00e0 accertate, ha ripreso le posizioni di coda nelle classifiche tra le regioni meridionali. E al contempo la caduta di una citt\u00e0 capoluogo che ha perso il suo ruolo di centralit\u00e0 all\u2019interno della Regione e resta sempre di pi\u00f9 penalizzata in termini di decoro, di funzionamento dei servizi, di tenuta del tessuto urbano, di partecipazione democratica. Bene: \u00e8 arrivato il momento di parlare in termini propositivi. Stop a quei personaggi che parlano di nuovo e vogliono soltanto occupare poltrone. S\u00ec a chi chiede una nuova strategia complessiva che parta da Potenza ma guardi alla regione nel complesso. I partiti e le coalizioni parlino di questo ed evitino stucchevoli guerre di posizione e leadership che hanno solo il merito di allontanare ancora di pi\u00f9 i lucani dalla politica delle chiacchiere, che parla solo in campagna elettorale ma poi finisce per declinare ogni problema.<\/p>\n","protected":false},"excerpt":{"rendered":"<p>Il dibattito elettorale \u00e8 entrato nel vivo. In attesa di conoscere nomi, candidature, protagonisti, programmi ed idee, tutti i partiti sono al lavoro per le &#8230; <\/p>\n","protected":false},"author":1,"featured_media":0,"comment_status":"closed","ping_status":"closed","sticky":false,"template":"single-sidebar.php","format":"standard","meta":{"footnotes":""},"categories":[384],"tags":[],"class_list":["post-8206","post","type-post","status-publish","format-standard","hentry","category-c243-comunicati-stampa-dei-consiglieri-243"],"_links":{"self":[{"href":"https:\/\/archivio.comune.potenza.it\/index.php?rest_route=\/wp\/v2\/posts\/8206"}],"collection":[{"href":"https:\/\/archivio.comune.potenza.it\/index.php?rest_route=\/wp\/v2\/posts"}],"about":[{"href":"https:\/\/archivio.comune.potenza.it\/index.php?rest_route=\/wp\/v2\/types\/post"}],"author":[{"embeddable":true,"href":"https:\/\/archivio.comune.potenza.it\/index.php?rest_route=\/wp\/v2\/users\/1"}],"replies":[{"embeddable":true,"href":"https:\/\/archivio.comune.potenza.it\/index.php?rest_route=%2Fwp%2Fv2%2Fcomments&post=8206"}],"version-history":[{"count":0,"href":"https:\/\/archivio.comune.potenza.it\/index.php?rest_route=\/wp\/v2\/posts\/8206\/revisions"}],"wp:attachment":[{"href":"https:\/\/archivio.comune.potenza.it\/index.php?rest_route=%2Fwp%2Fv2%2Fmedia&parent=8206"}],"wp:term":[{"taxonomy":"category","embeddable":true,"href":"https:\/\/archivio.comune.potenza.it\/index.php?rest_route=%2Fwp%2Fv2%2Fcategories&post=8206"},{"taxonomy":"post_tag","embeddable":true,"href":"https:\/\/archivio.comune.potenza.it\/index.php?rest_route=%2Fwp%2Fv2%2Ftags&post=8206"}],"curies":[{"name":"wp","href":"https:\/\/api.w.org\/{rel}","templated":true}]}}