{"id":8229,"date":"2013-09-20T11:01:30","date_gmt":"2013-09-20T09:01:30","guid":{"rendered":"http:\/\/archivio.comune.potenza.it\/comune_wp\/?p=8229"},"modified":"2013-09-20T11:01:30","modified_gmt":"2013-09-20T09:01:30","slug":"nicola-becce-popolo-della-liberta-appello-forza-italia","status":"publish","type":"post","link":"https:\/\/archivio.comune.potenza.it\/?p=8229","title":{"rendered":"Nicola Becce (Popolo della Libert\u00e0): Appello Forza Italia"},"content":{"rendered":"<p>Non ci sono dubbi n\u00e9 incertezze riguardo il discorso netto e chiaro pronunciato ieri dal presidente Berlusconi \u00a0ed i suoi intendimenti da vero uomo di Stato li sottoscrivo totalmente \u00a0e mi dichiaro disponibile sin da ora a contattare risorse fresche sul territorio per mettere insieme tutte le intelligenze della mia citt\u00e0 e della mia regione per creare quelle condizioni di crescita socio culturale nel tracciato iniziato nel 1994 con la nascita di Forza Italia. Anzi, aggiungo che tuttora vivo la forza della libert\u00e0 e la passione per essa, mai sopita pur se per cause esterne non abbiamo potuto esprimerla totalmente. Ma ora \u00e8 il momento di mettere in campo quella forza liberale e libertaria che noi unici in Italia ponemmo. E\u2019 arrivato il momento di mettere in campo riforme istituzionali ed economiche che mai la sinistra statalista potr\u00e0 fare. In Italia poi vi sono tanti giovani e meno giovani sfiduciati dell&#8217;incapacit\u00e0 di tante persone, da destra a soprattutto\u00a0a sinistra, \u00a0impegnate da oltre un decennio in politica di creare opportunit\u00e0 di\u00a0lavoro e di benessere, per colpa\u00a0non voglio dire della loro maladefe o della abulia \u00a0ma dalla\u00a0loro congenita incapacit\u00e0 di produrre con efficacia, efficienza ed economicit\u00e0 benessere collettivo e rispetto per la res pubblica. Per questo lancio un appello a tutti coloro che credono negli ideali della libert\u00e0, del buon governo e di una Italia liberata da statalisti e antilibertari. Sia chiaro la mia non \u00e8 solo la forza della Passione- che pure ve ne \u00e8\u00a0 tanta- ma anche la volont\u00e0 da uomo impegnato nelle istituzioni di lavorare per il bene di Potenza e della Basilicata.<\/p>\n<p>Sono convinto che il vero cambiamento potr\u00e0 avvenire solo sotto la bandiera di Forza Italia, unico partito che potr\u00e0 fare le vere riforme economiche che la nostra Patria richiede. Come nel 94 vi fu un miracolo italiano cosi nel 2013 assieme possiamo con la stessa coerenza poter ripetere le stesse condizioni ma con maggior forza, impegno ed ottimismo. Per questo lancio un appello alle donne ed uomini liberi di Potenza e della Basilicata a sostenere la nuova Forza Italia, con la stessa passione e voglia di cambiamento del 1994.<\/p>\n<p>\u00a0<\/p>\n<p>\u00a0<\/p>\n","protected":false},"excerpt":{"rendered":"<p>Non ci sono dubbi n\u00e9 incertezze riguardo il discorso netto e chiaro pronunciato ieri dal presidente Berlusconi \u00a0ed i suoi intendimenti da vero uomo di &#8230; <\/p>\n","protected":false},"author":1,"featured_media":0,"comment_status":"closed","ping_status":"closed","sticky":false,"template":"single-sidebar.php","format":"standard","meta":{"footnotes":""},"categories":[384],"tags":[],"class_list":["post-8229","post","type-post","status-publish","format-standard","hentry","category-c243-comunicati-stampa-dei-consiglieri-243"],"_links":{"self":[{"href":"https:\/\/archivio.comune.potenza.it\/index.php?rest_route=\/wp\/v2\/posts\/8229"}],"collection":[{"href":"https:\/\/archivio.comune.potenza.it\/index.php?rest_route=\/wp\/v2\/posts"}],"about":[{"href":"https:\/\/archivio.comune.potenza.it\/index.php?rest_route=\/wp\/v2\/types\/post"}],"author":[{"embeddable":true,"href":"https:\/\/archivio.comune.potenza.it\/index.php?rest_route=\/wp\/v2\/users\/1"}],"replies":[{"embeddable":true,"href":"https:\/\/archivio.comune.potenza.it\/index.php?rest_route=%2Fwp%2Fv2%2Fcomments&post=8229"}],"version-history":[{"count":0,"href":"https:\/\/archivio.comune.potenza.it\/index.php?rest_route=\/wp\/v2\/posts\/8229\/revisions"}],"wp:attachment":[{"href":"https:\/\/archivio.comune.potenza.it\/index.php?rest_route=%2Fwp%2Fv2%2Fmedia&parent=8229"}],"wp:term":[{"taxonomy":"category","embeddable":true,"href":"https:\/\/archivio.comune.potenza.it\/index.php?rest_route=%2Fwp%2Fv2%2Fcategories&post=8229"},{"taxonomy":"post_tag","embeddable":true,"href":"https:\/\/archivio.comune.potenza.it\/index.php?rest_route=%2Fwp%2Fv2%2Ftags&post=8229"}],"curies":[{"name":"wp","href":"https:\/\/api.w.org\/{rel}","templated":true}]}}