{"id":8270,"date":"2013-09-28T09:25:04","date_gmt":"2013-09-28T07:25:04","guid":{"rendered":"http:\/\/archivio.comune.potenza.it\/comune_wp\/?p=8270"},"modified":"2013-09-28T09:25:04","modified_gmt":"2013-09-28T07:25:04","slug":"gianpaolo-carretta-partito-democratico-primo-orto-sociale","status":"publish","type":"post","link":"https:\/\/archivio.comune.potenza.it\/?p=8270","title":{"rendered":"Gianpaolo Carretta (Partito Democratico): Primo orto sociale"},"content":{"rendered":"<p>Con il progetto \u201cComunit\u00e0 a raccolta, oltre il proprio orticello\u201d, finanziato dal Ministero del Lavoro e delle Politiche sociali, l&#8217;Amministrazione comunale offrir\u00e0, a partire dalla prossima primavera, la possibilit\u00e0 ai propri cittadini, che verranno selezionati attraverso un bando, di poter coltivare circa 3000 metri quadrati di un terreno finora in stato di abbandono, sito a Macchia Romana.<\/p>\n<p>Il progetto, di grande innovazione, preveder\u00e0 in futuro la realizzazione di orti scolastici, per la formazione ed educazione degli studenti, e di un orto presso la casa circondariale, per permettere ai detenuti, attraverso un corso di formazione, di avvicinarsi alle tecniche agricole, utili per l&#8217;arricchimento del proprio bagaglio personale, da poter sfruttare anche a fine pena.<\/p>\n<p>Per la manutenzione del verde in citt\u00e0 non deve esser tralasciato nulla e progetti come questo sono necessari per la rigenerazione urbana, attraverso il recupero di spazi gi\u00e0 esistenti, soprattutto grazie ad una gestione in cui la comunit\u00e0 \u00e8 protagonista, mentre per la progettazione di spazi nuovi, vi \u00e8 la necessit\u00e0 di sperimentare nuove forme di intervento con la Greenway, di cui si discute da tempo, e che \u00e8 una delle linee di intervento previste dal Pisus, come percorso verde e pedonale di collegamento tra i parchi urbani, le aree fluviali e le zone rurali, un anello verde, dotato anche di piste ciclabili, a creare la nuova cinta della citt\u00e0.<\/p>\n<p>\u00a0<\/p>\n","protected":false},"excerpt":{"rendered":"<p>Con il progetto \u201cComunit\u00e0 a raccolta, oltre il proprio orticello\u201d, finanziato dal Ministero del Lavoro e delle Politiche sociali, l&#8217;Amministrazione comunale offrir\u00e0, a partire dalla &#8230; <\/p>\n","protected":false},"author":1,"featured_media":0,"comment_status":"closed","ping_status":"closed","sticky":false,"template":"single-sidebar.php","format":"standard","meta":{"footnotes":""},"categories":[384],"tags":[],"class_list":["post-8270","post","type-post","status-publish","format-standard","hentry","category-c243-comunicati-stampa-dei-consiglieri-243"],"_links":{"self":[{"href":"https:\/\/archivio.comune.potenza.it\/index.php?rest_route=\/wp\/v2\/posts\/8270"}],"collection":[{"href":"https:\/\/archivio.comune.potenza.it\/index.php?rest_route=\/wp\/v2\/posts"}],"about":[{"href":"https:\/\/archivio.comune.potenza.it\/index.php?rest_route=\/wp\/v2\/types\/post"}],"author":[{"embeddable":true,"href":"https:\/\/archivio.comune.potenza.it\/index.php?rest_route=\/wp\/v2\/users\/1"}],"replies":[{"embeddable":true,"href":"https:\/\/archivio.comune.potenza.it\/index.php?rest_route=%2Fwp%2Fv2%2Fcomments&post=8270"}],"version-history":[{"count":0,"href":"https:\/\/archivio.comune.potenza.it\/index.php?rest_route=\/wp\/v2\/posts\/8270\/revisions"}],"wp:attachment":[{"href":"https:\/\/archivio.comune.potenza.it\/index.php?rest_route=%2Fwp%2Fv2%2Fmedia&parent=8270"}],"wp:term":[{"taxonomy":"category","embeddable":true,"href":"https:\/\/archivio.comune.potenza.it\/index.php?rest_route=%2Fwp%2Fv2%2Fcategories&post=8270"},{"taxonomy":"post_tag","embeddable":true,"href":"https:\/\/archivio.comune.potenza.it\/index.php?rest_route=%2Fwp%2Fv2%2Ftags&post=8270"}],"curies":[{"name":"wp","href":"https:\/\/api.w.org\/{rel}","templated":true}]}}