{"id":8283,"date":"2013-10-01T07:21:38","date_gmt":"2013-10-01T05:21:38","guid":{"rendered":"http:\/\/archivio.comune.potenza.it\/comune_wp\/?p=8283"},"modified":"2013-10-01T07:21:38","modified_gmt":"2013-10-01T05:21:38","slug":"giuseppe-laviero-la-potenza-dei-cittadini-e-sebastiano-papa-partito-democratico-viabilita-rione-cocuzzo","status":"publish","type":"post","link":"https:\/\/archivio.comune.potenza.it\/?p=8283","title":{"rendered":"Giuseppe Laviero (La Potenza dei cittadini) e Sebastiano Papa (Partito Democratico): Viabilit\u00e0 rione Cocuzzo"},"content":{"rendered":"<p>\u201cLe vie del rione Cocuzzo (via Tirreno, via Ionio e le tante traverse di collegamento alle numerose unit\u00e0 condominiali)\u00a0 sono quotidianamente attraversate da un flusso di traffico rilevante\u201d sostengono in un\u2019interrogazione congiunta indirizzata agli assessori alla Mobilit\u00e0 e Viabilit\u00e0 e al Sindaco i consiglieri comunali Sebastiano Papa e Giuseppe Laviero. \u201cL\u2019importante riqualificazione dell\u2019asse viario principale del rione (via Tirreno) ha fatto si che il transito dei mezzi, oltre a essere diventato pi\u00f9 scorrevole, risulti anche pi\u00f9 veloce. Gli spazi destinati al parcheggio dei veicoli, in particolare in prossimit\u00e0 di alcuni servizi commerciali, passerelle per persone con disabilit\u00e0 e attraversamenti pedonali, sono occupati in maniera impropria procurando notevoli disagi alla viabilit\u00e0 sia veicolare che pedonale. L\u2019alta velocit\u00e0 dei veicoli e una ridotta visibilit\u00e0, a causa di un parcheggio improprio, \u2013 proseguono Papa e Laviero \u2013 rendono la circolazione molto pericolosa per tutti e, in maniera\u00a0 particolare per i pedoni, per lo pi\u00f9 bambini e anziani, oltre a rendere ancor pi\u00f9 difficile la circolazione di persone con disabilit\u00e0. Chiediamo \u2013 concludono i due consiglieri \u2013 che vengano adottati i dovuti provvedimenti per un pi\u00f9 puntuale rispetto delle norme di circolazione\u00a0 attraverso interventi di Vigilanza, manutenzione (strade e marciapiedi) oltre a un\u00a0 miglioramento della segnaletica verticale ed orizzontale, con l\u2019istituzione di parcheggi riservati\u00a0 in prossimit\u00e0 dei servizi essenziali (farmacia e studi medici), e che venga realizzata una opportuna segnaletica tesa a un miglior impiego del piazzale antistante la scuola, utilizzato come parcheggio e area\u00a0 mercatale settimanale\u201d.<\/p>\n<p>\u00a0<\/p>\n<p>\u00a0<\/p>\n<p>\u00a0<\/p>\n","protected":false},"excerpt":{"rendered":"<p>\u201cLe vie del rione Cocuzzo (via Tirreno, via Ionio e le tante traverse di collegamento alle numerose unit\u00e0 condominiali)\u00a0 sono quotidianamente attraversate da un flusso &#8230; <\/p>\n","protected":false},"author":1,"featured_media":0,"comment_status":"closed","ping_status":"closed","sticky":false,"template":"single-sidebar.php","format":"standard","meta":{"footnotes":""},"categories":[384],"tags":[],"class_list":["post-8283","post","type-post","status-publish","format-standard","hentry","category-c243-comunicati-stampa-dei-consiglieri-243"],"_links":{"self":[{"href":"https:\/\/archivio.comune.potenza.it\/index.php?rest_route=\/wp\/v2\/posts\/8283"}],"collection":[{"href":"https:\/\/archivio.comune.potenza.it\/index.php?rest_route=\/wp\/v2\/posts"}],"about":[{"href":"https:\/\/archivio.comune.potenza.it\/index.php?rest_route=\/wp\/v2\/types\/post"}],"author":[{"embeddable":true,"href":"https:\/\/archivio.comune.potenza.it\/index.php?rest_route=\/wp\/v2\/users\/1"}],"replies":[{"embeddable":true,"href":"https:\/\/archivio.comune.potenza.it\/index.php?rest_route=%2Fwp%2Fv2%2Fcomments&post=8283"}],"version-history":[{"count":0,"href":"https:\/\/archivio.comune.potenza.it\/index.php?rest_route=\/wp\/v2\/posts\/8283\/revisions"}],"wp:attachment":[{"href":"https:\/\/archivio.comune.potenza.it\/index.php?rest_route=%2Fwp%2Fv2%2Fmedia&parent=8283"}],"wp:term":[{"taxonomy":"category","embeddable":true,"href":"https:\/\/archivio.comune.potenza.it\/index.php?rest_route=%2Fwp%2Fv2%2Fcategories&post=8283"},{"taxonomy":"post_tag","embeddable":true,"href":"https:\/\/archivio.comune.potenza.it\/index.php?rest_route=%2Fwp%2Fv2%2Ftags&post=8283"}],"curies":[{"name":"wp","href":"https:\/\/api.w.org\/{rel}","templated":true}]}}