{"id":8330,"date":"2013-10-09T07:32:35","date_gmt":"2013-10-09T05:32:35","guid":{"rendered":"http:\/\/archivio.comune.potenza.it\/comune_wp\/?p=8330"},"modified":"2013-10-09T07:32:35","modified_gmt":"2013-10-09T05:32:35","slug":"gianpaolo-carretta-partito-democratico-ruolo-strategico-citta-di-potenza","status":"publish","type":"post","link":"https:\/\/archivio.comune.potenza.it\/?p=8330","title":{"rendered":"Gianpaolo Carretta (Partito Democratico): Ruolo strategico citt\u00e0 di Potenza"},"content":{"rendered":"<p>\u00c8 giunto il momento di aprire un dibattito sul futuro strategico della citt\u00e0 di Potenza e, a tal proposito, il Gruppo del Partito Democratico ha chiesto un Consiglio comunale straordinario aperto, da celebrarsi dopo le elezioni regionali per evitare inutili strumentalizzazioni, invitando tutte le forze sociali, produttive e culturali a discutere sulla vocazione strategica del capoluogo di Regione, che deve confermarsi citt\u00e0 di servizi di alta qualit\u00e0, definendo strategicamente la sua vocazione di Citt\u00e0 Comprensorio.<\/p>\n<p>Disapproviamo la scarsa attenzione prestata dal Consiglio regionale di Basilicata e dai rappresentanti politici di Potenza, in seno allo stesso, che hanno deliberato un finanziamento straordinario di 2 milioni e mezzo di euro in favore del capoluogo di Regione, assolutamente non sufficienti a garantire i servizi essenziali. Potenza non ha bisogno di sussidi e di attenzioni sporadiche ed occasionali, bens\u00ec, come pi\u00f9 volte ribadito,\u00a0 deve elevarsi a citt\u00e0 di servizi di alta qualit\u00e0, visto che eroga giornalmente all&#8217;intera comunit\u00e0 regionale servizi in materia ambientale, di rifiuti, di trasporti, di viabilit\u00e0, grazie alle sole tasse pagate dai potentini.<\/p>\n<p>Ad oggi \u00e8 anacronistico, provinciale e strumentale alimentare rivendicazioni campanilistiche che vogliono portare a contrapposizioni sociali e politiche tra Potenza e la sua provincia.<\/p>\n<p>Occorre che il nuovo Consiglio regionale, ci auguriamo rinnovato negli uomini ma anche nelle idee e nella visione strategica di crescita complessiva della regione, comprenda che la citt\u00e0 capoluogo ha la necessit\u00e0 di una legge speciale, cos\u00ec come \u00e8 stato fatto per Roma capitale e per Catania, che risolva il debito storico rinveniente dal dissesto e consenta a Potenza, al di l\u00e0 degli slogan, di essere veramente citt\u00e0 erogatrice di servizi di alta qualit\u00e0 per il suo comprensorio e per l&#8217;intera regione, nonch\u00e9 attrattore di flussi turistici provenienti dall&#8217;intero mezzogiorno, avendo la Basilicata le potenzialit\u00e0 naturalistiche, sociali ed economiche per essere un modello di riferimento del mezzogiorno.<\/p>\n<p>Adesso, dunque, bisogna aprire un grande confronto di merito ed un elevato dibattito programmatico, che abbia come tema Potenza 2020, abbandonando ogni sterile polemica di basso profilo politico, guardando soltanto al bene della nostra comunit\u00e0, dimostrando uno slancio ideale vero e non solo declamato o annunciato.<\/p>\n","protected":false},"excerpt":{"rendered":"<p>\u00c8 giunto il momento di aprire un dibattito sul futuro strategico della citt\u00e0 di Potenza e, a tal proposito, il Gruppo del Partito Democratico ha &#8230; <\/p>\n","protected":false},"author":1,"featured_media":0,"comment_status":"closed","ping_status":"closed","sticky":false,"template":"single-sidebar.php","format":"standard","meta":{"footnotes":""},"categories":[384],"tags":[],"class_list":["post-8330","post","type-post","status-publish","format-standard","hentry","category-c243-comunicati-stampa-dei-consiglieri-243"],"_links":{"self":[{"href":"https:\/\/archivio.comune.potenza.it\/index.php?rest_route=\/wp\/v2\/posts\/8330"}],"collection":[{"href":"https:\/\/archivio.comune.potenza.it\/index.php?rest_route=\/wp\/v2\/posts"}],"about":[{"href":"https:\/\/archivio.comune.potenza.it\/index.php?rest_route=\/wp\/v2\/types\/post"}],"author":[{"embeddable":true,"href":"https:\/\/archivio.comune.potenza.it\/index.php?rest_route=\/wp\/v2\/users\/1"}],"replies":[{"embeddable":true,"href":"https:\/\/archivio.comune.potenza.it\/index.php?rest_route=%2Fwp%2Fv2%2Fcomments&post=8330"}],"version-history":[{"count":0,"href":"https:\/\/archivio.comune.potenza.it\/index.php?rest_route=\/wp\/v2\/posts\/8330\/revisions"}],"wp:attachment":[{"href":"https:\/\/archivio.comune.potenza.it\/index.php?rest_route=%2Fwp%2Fv2%2Fmedia&parent=8330"}],"wp:term":[{"taxonomy":"category","embeddable":true,"href":"https:\/\/archivio.comune.potenza.it\/index.php?rest_route=%2Fwp%2Fv2%2Fcategories&post=8330"},{"taxonomy":"post_tag","embeddable":true,"href":"https:\/\/archivio.comune.potenza.it\/index.php?rest_route=%2Fwp%2Fv2%2Ftags&post=8330"}],"curies":[{"name":"wp","href":"https:\/\/api.w.org\/{rel}","templated":true}]}}