{"id":8332,"date":"2013-10-09T08:11:09","date_gmt":"2013-10-09T06:11:09","guid":{"rendered":"http:\/\/archivio.comune.potenza.it\/comune_wp\/?p=8332"},"modified":"2013-10-09T08:11:09","modified_gmt":"2013-10-09T06:11:09","slug":"sebastiano-papa-partito-democratico-citta-resilienti-il-lavoro-della-quinta-commissione","status":"publish","type":"post","link":"https:\/\/archivio.comune.potenza.it\/?p=8332","title":{"rendered":"Sebastiano Papa (Partito Democratico): Citt\u00e0 resilienti &#8211; il lavoro della Quinta commissione"},"content":{"rendered":"<p>Il presidente della Quinta commissione consiliare permanente Sebastiano Papa ha riunito l\u2019organo consiliare per discutere del progetto delle Citt\u00e0 resilienti, all\u2019indomani della seduta straordinaria del Consiglio comunale, che si \u00e8 occupata del tema. \u201cDobbiamo far s\u00ec che si predisponga un\u2019organizzazione e un coordinamento posto a comprendere e ridurre il rischio di catastrofi, puntando sulla partecipazione di gruppi di cittadini e della societ\u00e0 civile, assicurandosi che tutte le parti siano consapevoli del loro ruolo nella riduzione dei rischi e della prevenzione degli stessi\u201d cos\u00ec il presidente Papa nell\u2019introdurre i lavori nel corso dei quali sono stati ascoltati l\u2019assessore alla Protezione civile Nicola Lovallo e i tecnici comunali. Molti i contributi dei consiglieri presenti, tra gli altri sono intervenuti Francesco Villani, Giuseppe Ferraro, Roberto Lo Giudice, Giuseppe Laviero, Giuseppe Molinari e il vicepresidente della Commissione Antonio Vaccaro. L\u2019assessore Lovallo ha rimarcato l\u2019importanza di \u201cavere un Piano di Protezione civile, riconosciuto e apprezzato a livello nazionale, che fonda il suo essere e progettare anche su iniziative come quella delle \u2018citt\u00e0 resilienti\u2019. L\u2019area di ammassamento di carattere regionale prevista a Potenza \u00e8 stata individuata anche in funzione del ruolo che il capoluogo pu\u00f2 svolgere in ambito regionale. Il Piano ha gi\u00e0 subito 12 aggiornamenti, tra gli altri i centri di cottura delle scuole individuati come centri nei quali produrre pasti in caso di calamit\u00e0\u201d.\u00a0 \u201cMolti gli obiettivi da perseguire attraverso questo progetto: assegnare un budget per la riduzione dei rischi anche per la famiglie a basso reddito, mantenere aggiornati i dati sui rischi e le vulnerabilit\u00e0, investire e mantenere le infrastrutture critiche che riducono i rischi, valutare la sicurezza di tutte le scuole e tutte le strutture sanitarie, applicare e far rispettare nella pianificazione territoriale e nei regolamenti edilizi i principi di \u2018rischio\u2019, assicurarsi che i programmi di comunicazione, istruzione e formazione siano in vigore a cominciare dalle scuole. Ancora proteggere gli ecosistemi naturali e installare sistemi di allarme precoce sono punti fondamentali affinch\u00e9 l\u2019adesione al progetto delle Citt\u00e0 resilienti possa trovare piena concretizzazione nel futuro di Potenza \u2013 conclude Papa \u2013 e far s\u00ec che il capoluogo lucano continui a rappresentare un esempio anche fuori dai confini nazionali in materia di Protezione civile\u201d.<\/p>\n","protected":false},"excerpt":{"rendered":"<p>Il presidente della Quinta commissione consiliare permanente Sebastiano Papa ha riunito l\u2019organo consiliare per discutere del progetto delle Citt\u00e0 resilienti, all\u2019indomani della seduta straordinaria del &#8230; <\/p>\n","protected":false},"author":1,"featured_media":0,"comment_status":"closed","ping_status":"closed","sticky":false,"template":"single-sidebar.php","format":"standard","meta":{"footnotes":""},"categories":[384],"tags":[],"class_list":["post-8332","post","type-post","status-publish","format-standard","hentry","category-c243-comunicati-stampa-dei-consiglieri-243"],"_links":{"self":[{"href":"https:\/\/archivio.comune.potenza.it\/index.php?rest_route=\/wp\/v2\/posts\/8332"}],"collection":[{"href":"https:\/\/archivio.comune.potenza.it\/index.php?rest_route=\/wp\/v2\/posts"}],"about":[{"href":"https:\/\/archivio.comune.potenza.it\/index.php?rest_route=\/wp\/v2\/types\/post"}],"author":[{"embeddable":true,"href":"https:\/\/archivio.comune.potenza.it\/index.php?rest_route=\/wp\/v2\/users\/1"}],"replies":[{"embeddable":true,"href":"https:\/\/archivio.comune.potenza.it\/index.php?rest_route=%2Fwp%2Fv2%2Fcomments&post=8332"}],"version-history":[{"count":0,"href":"https:\/\/archivio.comune.potenza.it\/index.php?rest_route=\/wp\/v2\/posts\/8332\/revisions"}],"wp:attachment":[{"href":"https:\/\/archivio.comune.potenza.it\/index.php?rest_route=%2Fwp%2Fv2%2Fmedia&parent=8332"}],"wp:term":[{"taxonomy":"category","embeddable":true,"href":"https:\/\/archivio.comune.potenza.it\/index.php?rest_route=%2Fwp%2Fv2%2Fcategories&post=8332"},{"taxonomy":"post_tag","embeddable":true,"href":"https:\/\/archivio.comune.potenza.it\/index.php?rest_route=%2Fwp%2Fv2%2Ftags&post=8332"}],"curies":[{"name":"wp","href":"https:\/\/api.w.org\/{rel}","templated":true}]}}