{"id":8333,"date":"2013-10-09T08:12:57","date_gmt":"2013-10-09T06:12:57","guid":{"rendered":"http:\/\/archivio.comune.potenza.it\/comune_wp\/?p=8333"},"modified":"2013-10-09T08:12:57","modified_gmt":"2013-10-09T06:12:57","slug":"nicola-becce-popolo-della-liberta-mancato-avvio-mensa-scolastica","status":"publish","type":"post","link":"https:\/\/archivio.comune.potenza.it\/?p=8333","title":{"rendered":"Nicola Becce (Popolo della Libert\u00e0): Mancato avvio mensa scolastica"},"content":{"rendered":"<p>Ogni volta che si lancia l\u2019appello per la scuola pubblica i signori del centrosinistra lucano diventano paladini a parole del servizio pubblico dell\u2019istruzione, lanciando strali contro chi vuole anche salvaguardare il diritto allo studio in istituti privati. Ma solo a parole, dato poi che in realt\u00e0 non se ne infischiano granch\u00e9, visto poi come si comportano nei fatti e negli atti: Non fanno nulla per la scuola anzi con il loro menefreghismo creano solo disastri e disagi ai contribuenti. Parlare \u00e8 facile per questi signori che si riempiono sempre la bocca di servizio pubblico, scuola pubblica, diritto all\u2019istruzione. Ma a Potenza poi si arriva all\u2019assurdo perch\u00e9 puntualmente all\u2019apertura di ogni anno scolastico l\u2019amministrazione Santarsiero non avvia mai il servizio di mensa scolastica per gli alunni delle scuole dell\u2019Obbligo. Ogni anno si ripete la pessima faccenda che non si hanno risorse, non si conosce quando si avviano le mense, quindi si lasciano i bambini senza un servizio che \u00e8 essenziale per loro e per i loro genitori, poich\u00e9 inutile rimarcarlo che la complessit\u00e0 della vita contemporanea con molte coppie che sono costretti a lavorare ambedue per tirare avanti l\u2019economia domestica, creano un disagio che cresce esponenzialmente ogni giorno che passa. Per questi motivi ho protocollato una interrogazione a risposta urgente innanzitutto per sollecitare il sindaco Santarsiero e l\u2019Assessore al ramo, Giuseppe Messina, entrambi a operarsi affinch\u00e9 il servizio di mensa vada aperto al pi\u00f9 presto, sia per conoscere i motivi di questa sciatteria istituzionale che nega un diritto civico a bimbi e genitori. Non vorrei che si siano dimenticati di mettere un capitolo nel disastrato bilancio comunale oppure dato che tra primarie e primariette e prossime elezioni regionali tutti \u2013 Santarsiero in testa &#8211; abbiamo pi\u00f9 la mente attratta dai giochi di potere regionale che fare il loro dovere di amministratori di un Capoluogo di Regione.<\/p>\n<p>Lo considero avvilente e fuori di ogni logica di dovere civico, non \u00e8 possibile che i piccoli alunni debbano rimanere a stomaco vuoto mentre loro si riempiono la bocca di pessimi slogan e promesse vacue. Eccoli i falsi profeti del servizio pubblico, i falsi crociati del diritto allo studio, i falsi amministratori che negano ad alunni di poter usufruire di un pasto caldo e costringono i loro genitori a mille peripezie giornaliere per cucinare, organizzarsi la giornata lavorativa, andare a prendere i figli a scuola e semmai anche riaccompagnarli. Dovete solo vergognarsi di aver cerato questo disagio come ogni anno, sordi alle proteste corali di poveri contribuenti che pagano le tasse per avere indietro solo menefreghismo e strafottenza.<\/p>\n","protected":false},"excerpt":{"rendered":"<p>Ogni volta che si lancia l\u2019appello per la scuola pubblica i signori del centrosinistra lucano diventano paladini a parole del servizio pubblico dell\u2019istruzione, lanciando strali &#8230; <\/p>\n","protected":false},"author":1,"featured_media":0,"comment_status":"closed","ping_status":"closed","sticky":false,"template":"single-sidebar.php","format":"standard","meta":{"footnotes":""},"categories":[384],"tags":[],"class_list":["post-8333","post","type-post","status-publish","format-standard","hentry","category-c243-comunicati-stampa-dei-consiglieri-243"],"_links":{"self":[{"href":"https:\/\/archivio.comune.potenza.it\/index.php?rest_route=\/wp\/v2\/posts\/8333"}],"collection":[{"href":"https:\/\/archivio.comune.potenza.it\/index.php?rest_route=\/wp\/v2\/posts"}],"about":[{"href":"https:\/\/archivio.comune.potenza.it\/index.php?rest_route=\/wp\/v2\/types\/post"}],"author":[{"embeddable":true,"href":"https:\/\/archivio.comune.potenza.it\/index.php?rest_route=\/wp\/v2\/users\/1"}],"replies":[{"embeddable":true,"href":"https:\/\/archivio.comune.potenza.it\/index.php?rest_route=%2Fwp%2Fv2%2Fcomments&post=8333"}],"version-history":[{"count":0,"href":"https:\/\/archivio.comune.potenza.it\/index.php?rest_route=\/wp\/v2\/posts\/8333\/revisions"}],"wp:attachment":[{"href":"https:\/\/archivio.comune.potenza.it\/index.php?rest_route=%2Fwp%2Fv2%2Fmedia&parent=8333"}],"wp:term":[{"taxonomy":"category","embeddable":true,"href":"https:\/\/archivio.comune.potenza.it\/index.php?rest_route=%2Fwp%2Fv2%2Fcategories&post=8333"},{"taxonomy":"post_tag","embeddable":true,"href":"https:\/\/archivio.comune.potenza.it\/index.php?rest_route=%2Fwp%2Fv2%2Ftags&post=8333"}],"curies":[{"name":"wp","href":"https:\/\/api.w.org\/{rel}","templated":true}]}}