{"id":8355,"date":"2013-10-12T10:51:10","date_gmt":"2013-10-12T08:51:10","guid":{"rendered":"http:\/\/archivio.comune.potenza.it\/comune_wp\/?p=8355"},"modified":"2013-10-12T10:51:10","modified_gmt":"2013-10-12T08:51:10","slug":"nicola-becce-popolo-della-liberta-apertura-mense-scolastiche","status":"publish","type":"post","link":"https:\/\/archivio.comune.potenza.it\/?p=8355","title":{"rendered":"Nicola Becce (Popolo della Libert\u00e0): Apertura mense scolastiche"},"content":{"rendered":"<p>Ritorniamo agli slogan ed alla politica dei comunicati stampa da parte della amministrazione comunale di Potenza che invece di attuare la politica del fare applicano la politichetta della chiacchiera a vuoto. Apprendiamo che con enorme ritardo il servizio delle mense scolastiche saranno attivato a partire dal 4 novembre prossimo in tutte le scuole potentine.<\/p>\n<p>Almeno cos\u00ec sostengono\u00a0 il Sindaco di Potenza, Vito Santarsiero e l\u2019assessore alla Pubblica Istruzione Giuseppe Messina i quali precisano che \u201cnon \u00e8 stato possibile attivare tale servizio prima per i noti problemi di cassa del Comune ma soprattutto per il debito che toglie a\u00a0 questa Amministrazione ogni anno 12 milioni di euro per il pagamento della rata mutuo. Fondi che mai come oggi pesano sulla spesa\u00a0 corrente e non consentono alla citt\u00e0 di poter avere servizi ottimali. Resta l\u2019attenzione &#8211; concludono &#8211; al settore scolastico dove con fondi dedicati continua l\u2019azione tesa alla migliore infrastrutturazione scolastica cittadina.\u201d<\/p>\n<p>Cito testualmente perch\u00e9 non ci credo ed \u00e8 la solita storia del debito ormai trita e ritrita. Certo il debito c&#8217;\u00e8 ma \u00e8 stato generato da chi governa la citt\u00e0 da vent&#8217;anni, i suoi amici, affiliati e clientes\u00a0 ossia coloro che gli hanno permesso di diventare prima consigliere e presidente della Provincia di Potenza\u00a0 e successivamente sindaco della citt\u00e0. Comunque storia e disastri del passato a parte &#8216;incapacit\u00e0 del sindaco e dell&#8217;assessore Messina \u00e8 evidente a tutti: tirano fuori\u00a0 alla Mago Silvan dal cilindro magico l&#8217;ennesimo coniglietto prelettorale.<\/p>\n<p>Infatti\u00a0 promettono di attivare la mensa 24 ore dopo che il Tar ha emesso sentenza di non sospendere la competizione elettorale regionale del 17 e 18 novembre prossimo.<\/p>\n<p>Non dimentichiamo che tale competizione vedr\u00e0 impegnato il sindaco e speranzoso della sua uscita il Messina assessore che spera poi di prendere le redini di primo cittadino.<\/p>\n<p>Insomma i furbetti della mensa scolastica; mi chiedo da quale fonte di bilancio hanno trovato i soldi? Durer\u00e0 fino a Natale l&#8217;impegno e poi????.<\/p>\n<p>\u00a0<\/p>\n<p>\u00a0<\/p>\n","protected":false},"excerpt":{"rendered":"<p>Ritorniamo agli slogan ed alla politica dei comunicati stampa da parte della amministrazione comunale di Potenza che invece di attuare la politica del fare applicano &#8230; <\/p>\n","protected":false},"author":1,"featured_media":0,"comment_status":"closed","ping_status":"closed","sticky":false,"template":"single-sidebar.php","format":"standard","meta":{"footnotes":""},"categories":[384],"tags":[],"class_list":["post-8355","post","type-post","status-publish","format-standard","hentry","category-c243-comunicati-stampa-dei-consiglieri-243"],"_links":{"self":[{"href":"https:\/\/archivio.comune.potenza.it\/index.php?rest_route=\/wp\/v2\/posts\/8355"}],"collection":[{"href":"https:\/\/archivio.comune.potenza.it\/index.php?rest_route=\/wp\/v2\/posts"}],"about":[{"href":"https:\/\/archivio.comune.potenza.it\/index.php?rest_route=\/wp\/v2\/types\/post"}],"author":[{"embeddable":true,"href":"https:\/\/archivio.comune.potenza.it\/index.php?rest_route=\/wp\/v2\/users\/1"}],"replies":[{"embeddable":true,"href":"https:\/\/archivio.comune.potenza.it\/index.php?rest_route=%2Fwp%2Fv2%2Fcomments&post=8355"}],"version-history":[{"count":0,"href":"https:\/\/archivio.comune.potenza.it\/index.php?rest_route=\/wp\/v2\/posts\/8355\/revisions"}],"wp:attachment":[{"href":"https:\/\/archivio.comune.potenza.it\/index.php?rest_route=%2Fwp%2Fv2%2Fmedia&parent=8355"}],"wp:term":[{"taxonomy":"category","embeddable":true,"href":"https:\/\/archivio.comune.potenza.it\/index.php?rest_route=%2Fwp%2Fv2%2Fcategories&post=8355"},{"taxonomy":"post_tag","embeddable":true,"href":"https:\/\/archivio.comune.potenza.it\/index.php?rest_route=%2Fwp%2Fv2%2Ftags&post=8355"}],"curies":[{"name":"wp","href":"https:\/\/api.w.org\/{rel}","templated":true}]}}