{"id":8438,"date":"2013-10-31T08:02:41","date_gmt":"2013-10-31T07:02:41","guid":{"rendered":"http:\/\/archivio.comune.potenza.it\/comune_wp\/?p=8438"},"modified":"2013-10-31T08:02:41","modified_gmt":"2013-10-31T07:02:41","slug":"salvatore-lomonaco-partito-democratico-mancata-consegna-bollette-acqua","status":"publish","type":"post","link":"https:\/\/archivio.comune.potenza.it\/?p=8438","title":{"rendered":"Salvatore Lomonaco (Partito Democratico): Mancata consegna bollette acqua"},"content":{"rendered":"<p class=\"Testopreformattato\">\u201cL\u2019acqua \u00e8 un diritto, pagare \u00e8 un dovere\u201d, questo \u00e8 l\u2019ultimo slogan di Acquedotto Lucano, che si legge sugli spazi pubblicitari presenti in citt\u00e0.<\/p>\n<p class=\"Testopreformattato\">Ci si \u00e8 dimenticati, per\u00f2, di aggiungere che le fatture e le bollette di conto corrente sono una chimera in alcune zone rurali del circondario.<\/p>\n<p class=\"Testopreformattato\">L&#8217;ultima bolletta, con scadenza 30 settembre, non \u00e8 pervenuta nelle Contrade Pian di Zucchero, Barrata, Tiera e Piani del Mattino, cos\u00ec come non \u00e8 stata consegnata neppure la precedente.<\/p>\n<p class=\"Testopreformattato\">A tal proposito, ho presentato un&#8217;interrogazione al Sindaco di Potenza, affinch\u00e9 il Comune, socio di Acquedotto Lucano, si attivi per fare in modo che questi disservizi non si verifichino pi\u00f9, e, rivolgendomi direttamente ad Acquedotto Lucano, mi preme sottolineare che prima dei grandi proclami, ci si assicuri che la ditta incaricata di fatturare e consegnare le bollette ottemperi al proprio dovere.<\/p>\n<p class=\"Testopreformattato\">\u00a0<\/p>\n","protected":false},"excerpt":{"rendered":"<p>\u201cL\u2019acqua \u00e8 un diritto, pagare \u00e8 un dovere\u201d, questo \u00e8 l\u2019ultimo slogan di Acquedotto Lucano, che si legge sugli spazi pubblicitari presenti in citt\u00e0. Ci &#8230; <\/p>\n","protected":false},"author":1,"featured_media":0,"comment_status":"closed","ping_status":"closed","sticky":false,"template":"single-sidebar.php","format":"standard","meta":{"footnotes":""},"categories":[384],"tags":[],"class_list":["post-8438","post","type-post","status-publish","format-standard","hentry","category-c243-comunicati-stampa-dei-consiglieri-243"],"_links":{"self":[{"href":"https:\/\/archivio.comune.potenza.it\/index.php?rest_route=\/wp\/v2\/posts\/8438"}],"collection":[{"href":"https:\/\/archivio.comune.potenza.it\/index.php?rest_route=\/wp\/v2\/posts"}],"about":[{"href":"https:\/\/archivio.comune.potenza.it\/index.php?rest_route=\/wp\/v2\/types\/post"}],"author":[{"embeddable":true,"href":"https:\/\/archivio.comune.potenza.it\/index.php?rest_route=\/wp\/v2\/users\/1"}],"replies":[{"embeddable":true,"href":"https:\/\/archivio.comune.potenza.it\/index.php?rest_route=%2Fwp%2Fv2%2Fcomments&post=8438"}],"version-history":[{"count":0,"href":"https:\/\/archivio.comune.potenza.it\/index.php?rest_route=\/wp\/v2\/posts\/8438\/revisions"}],"wp:attachment":[{"href":"https:\/\/archivio.comune.potenza.it\/index.php?rest_route=%2Fwp%2Fv2%2Fmedia&parent=8438"}],"wp:term":[{"taxonomy":"category","embeddable":true,"href":"https:\/\/archivio.comune.potenza.it\/index.php?rest_route=%2Fwp%2Fv2%2Fcategories&post=8438"},{"taxonomy":"post_tag","embeddable":true,"href":"https:\/\/archivio.comune.potenza.it\/index.php?rest_route=%2Fwp%2Fv2%2Ftags&post=8438"}],"curies":[{"name":"wp","href":"https:\/\/api.w.org\/{rel}","templated":true}]}}