{"id":8439,"date":"2013-10-31T08:06:05","date_gmt":"2013-10-31T07:06:05","guid":{"rendered":"http:\/\/archivio.comune.potenza.it\/comune_wp\/?p=8439"},"modified":"2013-10-31T08:06:05","modified_gmt":"2013-10-31T07:06:05","slug":"gianpaolo-carretta-partito-democratico-nuovo-piano-trasporto-pubblico","status":"publish","type":"post","link":"https:\/\/archivio.comune.potenza.it\/?p=8439","title":{"rendered":"Gianpaolo Carretta (Partito Democratico): Nuovo Piano Trasporto pubblico"},"content":{"rendered":"<p>Dalla sperimentazione del piano di esercizio del trasporto pubblico, partita lo scorso primo febbraio,\u00a0 che ha previsto modifiche lungo i percorsi ed un\u2019incentivazione all\u2019utilizzo del sistema integrato del servizio su gomma, scale mobili, ascensori e parcheggi, si \u00e8 finalmente giunti alla variazione del programma, sulla base delle esigenze dei cittadini fruitori del servizio, che in questi mesi hanno segnalato i disservizi e suggerito nuove proposte per migliorarne la qualit\u00e0 e la praticit\u00e0.<\/p>\n<p>Va ricordato che l\u2019utilizzo dei mezzi, in questa prima fase, \u00e8 stato totalmente gratuito, ed ha condotto gli utenti verso un nuovo sistema che prevede l\u2019uso di pi\u00f9 mezzi per raggiungere la propria destinazione, dal momento che la nostra citt\u00e0 possiede ben quattro percorsi di scale mobili, una linea metropolitana di superficie, autobus e parcheggi.<\/p>\n<p>\u00c8 impensabile, dunque, poter rimanere legati per sempre ad un sistema tradizionale di trasporto pubblico e con questo Piano, con le dovute modifiche e i dovuti controlli sugli autobus, da tempo trascurati, per verificare il possesso dei biglietti da parte degli utenti, con un\u2019intensificazione del servizio verso Piazza XVIII Agosto, che permetter\u00e0 di raggiungere pi\u00f9 agevolmente il centro della citt\u00e0, con un percorso totale di 650.000 Km annui in pi\u00f9 rispetto al piano sperimentale, si \u00e8 cercato di risolvere ogni criticit\u00e0 emersa in questi mesi, privilegiando naturalmente i pi\u00f9 giovani e i pi\u00f9 anziani, che sono i maggiori fruitori del servizio pubblico, anche attraverso l&#8217;acquisto di 12 nuovi autobus a metano, rispondenti alle nuove normative ambientali europee e dotati di tutti i comfort e allestimenti pensati per il trasporto di persone con problemi deambulatori.<\/p>\n<p>La decisione della Giunta comunale va intesa quale atto necessario per affrontare tutte le criticit\u00e0 evidenziate dalla comunit\u00e0 che non potevano essere oltremodo procrastinate, tenendo conto del normale iter procedurale e della discussione che dovr\u00e0 avvenire in seno alla Commissione preposta e, in modo particolare, al Consiglio comunale, che apporter\u00e0 tutte le modifiche ritenute necessarie a quanto deliberato dalla Giunta, nell&#8217;interesse della comunit\u00e0 ed avendo come obiettivo l&#8217;abbattimento dei costi e l&#8217;innalzamento della qualit\u00e0 del servizio.<\/p>\n<p>\u00a0<\/p>\n<p>\u00a0<\/p>\n","protected":false},"excerpt":{"rendered":"<p>Dalla sperimentazione del piano di esercizio del trasporto pubblico, partita lo scorso primo febbraio,\u00a0 che ha previsto modifiche lungo i percorsi ed un\u2019incentivazione all\u2019utilizzo del &#8230; <\/p>\n","protected":false},"author":1,"featured_media":0,"comment_status":"closed","ping_status":"closed","sticky":false,"template":"single-sidebar.php","format":"standard","meta":{"footnotes":""},"categories":[384],"tags":[],"class_list":["post-8439","post","type-post","status-publish","format-standard","hentry","category-c243-comunicati-stampa-dei-consiglieri-243"],"_links":{"self":[{"href":"https:\/\/archivio.comune.potenza.it\/index.php?rest_route=\/wp\/v2\/posts\/8439"}],"collection":[{"href":"https:\/\/archivio.comune.potenza.it\/index.php?rest_route=\/wp\/v2\/posts"}],"about":[{"href":"https:\/\/archivio.comune.potenza.it\/index.php?rest_route=\/wp\/v2\/types\/post"}],"author":[{"embeddable":true,"href":"https:\/\/archivio.comune.potenza.it\/index.php?rest_route=\/wp\/v2\/users\/1"}],"replies":[{"embeddable":true,"href":"https:\/\/archivio.comune.potenza.it\/index.php?rest_route=%2Fwp%2Fv2%2Fcomments&post=8439"}],"version-history":[{"count":0,"href":"https:\/\/archivio.comune.potenza.it\/index.php?rest_route=\/wp\/v2\/posts\/8439\/revisions"}],"wp:attachment":[{"href":"https:\/\/archivio.comune.potenza.it\/index.php?rest_route=%2Fwp%2Fv2%2Fmedia&parent=8439"}],"wp:term":[{"taxonomy":"category","embeddable":true,"href":"https:\/\/archivio.comune.potenza.it\/index.php?rest_route=%2Fwp%2Fv2%2Fcategories&post=8439"},{"taxonomy":"post_tag","embeddable":true,"href":"https:\/\/archivio.comune.potenza.it\/index.php?rest_route=%2Fwp%2Fv2%2Ftags&post=8439"}],"curies":[{"name":"wp","href":"https:\/\/api.w.org\/{rel}","templated":true}]}}