{"id":8458,"date":"2013-11-06T15:08:26","date_gmt":"2013-11-06T14:08:26","guid":{"rendered":"http:\/\/archivio.comune.potenza.it\/comune_wp\/?p=8458"},"modified":"2013-11-06T15:08:26","modified_gmt":"2013-11-06T14:08:26","slug":"rocco-summa-d-ec-le-forze-armate-italiane-la-nostra-forza-il-nostro-orgoglio-a-loro-il-nostro-grazie","status":"publish","type":"post","link":"https:\/\/archivio.comune.potenza.it\/?p=8458","title":{"rendered":"Rocco Summa (D.eC.):Le Forze Armate italiane: la nostra forza, il nostro orgoglio. A loro il nostro GRAZIE."},"content":{"rendered":"<p style=\"text-align: left;\" align=\"center\">Nella vita di tutti i giorni, presi da mille cose da fare sembra quasi che non ce ne accorgiamo, invece non \u00e8 cos\u00ec, sappiamo che se possiamo camminare tranquilli per le strade del nostro Paese \u00e8 perch\u00e9 c\u2019\u00e8 chi lo difende e protegge, talvolta anche a costo della propria vita.<\/p>\n<p>E\u2019 a loro, ai nostri militari, uomini e donne che ogni giorno indossano l\u2019uniforme e combattono in prima linea facendoci da scudo, che siamo riconoscenti.<\/p>\n<p>Oggi, 4 Novembre, giornata dell\u2019Unit\u00e0 Nazionale, Festa delle Forze Armate, consapevoli di tutto ci\u00f2 che hanno fatto e fanno per noi, li onoriamo e ringraziamo per essere da sempre al nostro fianco.<\/p>\n<p>In questo giorno di memoria ricordiamo con doverosa commozione tutti coloro i quali sono caduti in battaglia compiendo il loro dovere e rivolgiamo il nostro pensiero ai familiari, stando loro vicini, con il cuore colmo d\u2019orgoglio per l\u2019operato dei loro congiunti.<\/p>\n<p>Siamo grati a tutti i membri dell&#8217;esercito che operano fuori e dentro il suolo italiano, a tutti voi soldati che partite verso paesi vicini e lontani cercando di portare la pace nel mondo per tenerci al sicuro, lontani dagli orrori della guerra, a voi che nel nostro Paese garantite un rifugio e serenit\u00e0 a coloro che da quegli orrori scappano lasciando la loro Terra natale per cercare di vivere una vita tranquilla, a voi che ci fate sentire protetti.<\/p>\n<p>Per questo, oggi, vi facciamo sentire a gran voce il nostro \u201cGRAZIE\u201d.<\/p>\n<p>\u00a0<\/p>\n","protected":false},"excerpt":{"rendered":"<p>Nella vita di tutti i giorni, presi da mille cose da fare sembra quasi che non ce ne accorgiamo, invece non \u00e8 cos\u00ec, sappiamo che &#8230; <\/p>\n","protected":false},"author":1,"featured_media":0,"comment_status":"closed","ping_status":"closed","sticky":false,"template":"single-sidebar.php","format":"standard","meta":{"footnotes":""},"categories":[384],"tags":[],"class_list":["post-8458","post","type-post","status-publish","format-standard","hentry","category-c243-comunicati-stampa-dei-consiglieri-243"],"_links":{"self":[{"href":"https:\/\/archivio.comune.potenza.it\/index.php?rest_route=\/wp\/v2\/posts\/8458"}],"collection":[{"href":"https:\/\/archivio.comune.potenza.it\/index.php?rest_route=\/wp\/v2\/posts"}],"about":[{"href":"https:\/\/archivio.comune.potenza.it\/index.php?rest_route=\/wp\/v2\/types\/post"}],"author":[{"embeddable":true,"href":"https:\/\/archivio.comune.potenza.it\/index.php?rest_route=\/wp\/v2\/users\/1"}],"replies":[{"embeddable":true,"href":"https:\/\/archivio.comune.potenza.it\/index.php?rest_route=%2Fwp%2Fv2%2Fcomments&post=8458"}],"version-history":[{"count":0,"href":"https:\/\/archivio.comune.potenza.it\/index.php?rest_route=\/wp\/v2\/posts\/8458\/revisions"}],"wp:attachment":[{"href":"https:\/\/archivio.comune.potenza.it\/index.php?rest_route=%2Fwp%2Fv2%2Fmedia&parent=8458"}],"wp:term":[{"taxonomy":"category","embeddable":true,"href":"https:\/\/archivio.comune.potenza.it\/index.php?rest_route=%2Fwp%2Fv2%2Fcategories&post=8458"},{"taxonomy":"post_tag","embeddable":true,"href":"https:\/\/archivio.comune.potenza.it\/index.php?rest_route=%2Fwp%2Fv2%2Ftags&post=8458"}],"curies":[{"name":"wp","href":"https:\/\/api.w.org\/{rel}","templated":true}]}}