{"id":8461,"date":"2013-11-06T15:13:07","date_gmt":"2013-11-06T14:13:07","guid":{"rendered":"http:\/\/archivio.comune.potenza.it\/comune_wp\/?p=8461"},"modified":"2013-11-06T15:13:07","modified_gmt":"2013-11-06T14:13:07","slug":"sergio-potenza-popolari-uniti-cinema-proposta-di-una-rete-diffusa-di-cineporti","status":"publish","type":"post","link":"https:\/\/archivio.comune.potenza.it\/?p=8461","title":{"rendered":"Sergio Potenza (Popolari Uniti): Cinema \u2013 proposta di una rete diffusa di Cineporti"},"content":{"rendered":"<p><em>I giovani impegnati nei centri della Creativit\u00e0 potranno diventare i protagonisti di una serie di micro imprese che offrono servizi alle produzioni <\/em><\/p>\n<p>Dopo l\u2019istituzione della Lucania Film Commission la Regione Basilicata dovr\u00e0 guardare nella direzione di allargare le opportunit\u00e0 di lavoro ai giovani esperti ed appassionati evitando invece di appesantire la struttura con assunzioni di personale a bassa qualifica professionale. Per raggiungere questo obiettivo si potr\u00e0 \u00a0creare una rete diffusa di Cineporti ottimizzando gli spazi offerti e anche le risorse umane che girano intorno ai Centri della creativit\u00e0 realizzati con il progetto Visioni Urbane a Rionero, Tito, Matera, Pisticci e in Val Sarmento. \u00a0E\u2019 questa la proposta di Sergio Potenza, \u00a0candidato del Centro Democratico alla Regione Basilicata.<\/p>\n<p>\u201cIn questo modo\u2013 spiega Potenza &#8211; \u00a0chi decider\u00e0 di ambientare in Basilicata il suo prossimo film, oltre alla consulenza che la Lucana Film Commission, potr\u00e0 trovare anche \u00a0posti fisici dotati di uffici e servizi per le produzioni gestiti da micro imprese costituite da giovani. La rete diffusa dei cineporti lucani potr\u00e0 offrire laboratori di scenografia, sartorie, lavanderie, sale prova, sale casting, ristoranti e sale \u00a0proiezione. Si tratta di un\u2019organizzazione \u2013 aggiunge Sergio Potenza &#8211; che potr\u00e0 essere realizzata senza grossi investimenti strutturali, ma solo ottimizzando spazi gi\u00e0 recuperati e risorse umane che gi\u00e0 gestiscono gli spazi stessi. Il tutto \u2013 osserva il candidato di Centro Democratico \u2013 rientra pienamente nel solco delle scelte gi\u00e0 intraprese dalla Regione Basilicata che ha affidato al cinema il ruolo di strumento di promozione dei suoi luoghi e della sua cultura. Auspico che attraverso il recente avviso pubblico per la concessione di aiuti alle PMI operanti nel settore della produzione cinematografica\u00a0si possano realizzare lungometraggi e cortometraggi di interesse regionale molti dei quali \u2013 conclude Potenza \u2013 destinati a supportare la candidatura di Matera a capitale europea della cultura nel 2019\u201d.<\/p>\n<p>\u00a0<\/p>\n","protected":false},"excerpt":{"rendered":"<p>I giovani impegnati nei centri della Creativit\u00e0 potranno diventare i protagonisti di una serie di micro imprese che offrono servizi alle produzioni Dopo l\u2019istituzione della &#8230; <\/p>\n","protected":false},"author":1,"featured_media":0,"comment_status":"closed","ping_status":"closed","sticky":false,"template":"single-sidebar.php","format":"standard","meta":{"footnotes":""},"categories":[384],"tags":[],"class_list":["post-8461","post","type-post","status-publish","format-standard","hentry","category-c243-comunicati-stampa-dei-consiglieri-243"],"_links":{"self":[{"href":"https:\/\/archivio.comune.potenza.it\/index.php?rest_route=\/wp\/v2\/posts\/8461"}],"collection":[{"href":"https:\/\/archivio.comune.potenza.it\/index.php?rest_route=\/wp\/v2\/posts"}],"about":[{"href":"https:\/\/archivio.comune.potenza.it\/index.php?rest_route=\/wp\/v2\/types\/post"}],"author":[{"embeddable":true,"href":"https:\/\/archivio.comune.potenza.it\/index.php?rest_route=\/wp\/v2\/users\/1"}],"replies":[{"embeddable":true,"href":"https:\/\/archivio.comune.potenza.it\/index.php?rest_route=%2Fwp%2Fv2%2Fcomments&post=8461"}],"version-history":[{"count":0,"href":"https:\/\/archivio.comune.potenza.it\/index.php?rest_route=\/wp\/v2\/posts\/8461\/revisions"}],"wp:attachment":[{"href":"https:\/\/archivio.comune.potenza.it\/index.php?rest_route=%2Fwp%2Fv2%2Fmedia&parent=8461"}],"wp:term":[{"taxonomy":"category","embeddable":true,"href":"https:\/\/archivio.comune.potenza.it\/index.php?rest_route=%2Fwp%2Fv2%2Fcategories&post=8461"},{"taxonomy":"post_tag","embeddable":true,"href":"https:\/\/archivio.comune.potenza.it\/index.php?rest_route=%2Fwp%2Fv2%2Ftags&post=8461"}],"curies":[{"name":"wp","href":"https:\/\/api.w.org\/{rel}","templated":true}]}}