{"id":8504,"date":"2013-11-20T08:41:42","date_gmt":"2013-11-20T07:41:42","guid":{"rendered":"http:\/\/archivio.comune.potenza.it\/comune_wp\/?p=8504"},"modified":"2013-11-20T08:41:42","modified_gmt":"2013-11-20T07:41:42","slug":"gianpaolo-carretta-partito-democratico-analisi-voto-delle-elezioni-regionali","status":"publish","type":"post","link":"https:\/\/archivio.comune.potenza.it\/?p=8504","title":{"rendered":"Gianpaolo Carretta (Partito Democratico): Analisi voto delle Elezioni Regionali"},"content":{"rendered":"<p>Il messaggio inequivocabile di queste consultazioni elettorali \u00e8 dato dall&#8217;avvenuta elezione di un Consiglio regionale scelto soltanto dal 49,60% dei lucani. Il popolo dell&#8217;astensionismo, unito al voto di mera protesta rappresentato dal Movimento 5 stelle, segnala alla politica questioni non pi\u00f9 rinviabili, prime tra tutte quelle di natura politica, che devono riguardare il ruolo dei partiti, la cui priorit\u00e0 \u00e8 quella di ritornare ad essere luoghi di dibattito, di confronto e di proposte, anzich\u00e9 meri comitati elettorali. Vi \u00e8 la necessit\u00e0 che i soggetti politici siano coerenti con le proprie identit\u00e0 ed i propri progetti, senza dover necessariamente inglobare chi ha fatto scelte di campo diametralmente opposte, pur di vincere, perdendo in tal modo la propria coerenza e credibilit\u00e0.<\/p>\n<p>Questioni non pi\u00f9 procrastinabili sono quelle di natura etica: occorre, infatti, grande rispetto e trasparenza nel rapporto con l&#8217;elettorato, avendo la forza di chiedere scusa per alcuni comportamenti sbagliati e sovrabbondanti nella gestione della cosa pubblica.<\/p>\n<p>E ancora, questioni di natura programmatica, come l&#8217;urgenza di insediare una cabina di regia a capo della gestione delle risorse e delle grandi potenzialit\u00e0 della Basilicata, senza disperderle nei mille rivoli del clientelismo politico, ma utilizzandole per obiettivi strategici, come il completamento infrastrutturale e viario, l&#8217;occupazione, la formazione di alta qualit\u00e0, il sostegno alle piccole e medie imprese su progetti innovativi e di merito finalizzati allo sviluppo della nostra regione.<\/p>\n<p>Il PD di Basilicata si contraddistingue con il 24,83%, tenendo conto anche della frammentazione civica al suo interno, come unico soggetto politico ancora credibile, che deve investire nel mandato fiduciario ricevuto ancora una volta dai lucani.<\/p>\n<p>Un grande risultato ottiene, inoltre, il PD nella citt\u00e0 di Potenza per l&#8217;impegno profuso in termini di lavoro e credibilit\u00e0, da parte di tutti, a partire dal Gruppo del Partito Democratico al Comune e dal Primo cittadino Vito Santarsiero, che \u00e8 stato eletto con un mandato chiaro: quello di rappresentare la sensibilit\u00e0 cattolico-democratica e democratico-cristiana all&#8217;interno del PD e di difendere le ragioni di Potenza citt\u00e0 e il suo progetto etico di risanamento dei conti pubblici, egregiamente portato avanti in questo decennio, nonch\u00e9 quello del ruolo strategico di Citt\u00e0 di servizi di alta qualit\u00e0, in una sinergia decisiva con gli altri 130 comuni della Basilicata.\u00a0\u00a0\u00a0\u00a0\u00a0\u00a0\u00a0\u00a0\u00a0\u00a0\u00a0\u00a0\u00a0\u00a0\u00a0\u00a0\u00a0\u00a0\u00a0\u00a0\u00a0\u00a0\u00a0\u00a0\u00a0\u00a0\u00a0\u00a0\u00a0\u00a0\u00a0\u00a0\u00a0\u00a0\u00a0\u00a0\u00a0\u00a0\u00a0\u00a0\u00a0\u00a0\u00a0\u00a0\u00a0\u00a0\u00a0\u00a0\u00a0\u00a0\u00a0\u00a0\u00a0\u00a0\u00a0\u00a0\u00a0\u00a0\u00a0\u00a0\u00a0\u00a0\u00a0\u00a0\u00a0\u00a0\u00a0\u00a0\u00a0\u00a0\u00a0\u00a0\u00a0\u00a0\u00a0\u00a0\u00a0\u00a0\u00a0\u00a0\u00a0\u00a0\u00a0\u00a0\u00a0\u00a0\u00a0\u00a0\u00a0\u00a0\u00a0\u00a0\u00a0\u00a0\u00a0\u00a0\u00a0\u00a0\u00a0\u00a0\u00a0\u00a0\u00a0\u00a0\u00a0\u00a0\u00a0\u00a0\u00a0\u00a0\u00a0\u00a0\u00a0\u00a0\u00a0\u00a0\u00a0\u00a0\u00a0\u00a0\u00a0\u00a0\u00a0\u00a0\u00a0\u00a0\u00a0\u00a0\u00a0<\/p>\n","protected":false},"excerpt":{"rendered":"<p>Il messaggio inequivocabile di queste consultazioni elettorali \u00e8 dato dall&#8217;avvenuta elezione di un Consiglio regionale scelto soltanto dal 49,60% dei lucani. Il popolo dell&#8217;astensionismo, unito &#8230; <\/p>\n","protected":false},"author":1,"featured_media":0,"comment_status":"closed","ping_status":"closed","sticky":false,"template":"single-sidebar.php","format":"standard","meta":{"footnotes":""},"categories":[384],"tags":[],"class_list":["post-8504","post","type-post","status-publish","format-standard","hentry","category-c243-comunicati-stampa-dei-consiglieri-243"],"_links":{"self":[{"href":"https:\/\/archivio.comune.potenza.it\/index.php?rest_route=\/wp\/v2\/posts\/8504"}],"collection":[{"href":"https:\/\/archivio.comune.potenza.it\/index.php?rest_route=\/wp\/v2\/posts"}],"about":[{"href":"https:\/\/archivio.comune.potenza.it\/index.php?rest_route=\/wp\/v2\/types\/post"}],"author":[{"embeddable":true,"href":"https:\/\/archivio.comune.potenza.it\/index.php?rest_route=\/wp\/v2\/users\/1"}],"replies":[{"embeddable":true,"href":"https:\/\/archivio.comune.potenza.it\/index.php?rest_route=%2Fwp%2Fv2%2Fcomments&post=8504"}],"version-history":[{"count":0,"href":"https:\/\/archivio.comune.potenza.it\/index.php?rest_route=\/wp\/v2\/posts\/8504\/revisions"}],"wp:attachment":[{"href":"https:\/\/archivio.comune.potenza.it\/index.php?rest_route=%2Fwp%2Fv2%2Fmedia&parent=8504"}],"wp:term":[{"taxonomy":"category","embeddable":true,"href":"https:\/\/archivio.comune.potenza.it\/index.php?rest_route=%2Fwp%2Fv2%2Fcategories&post=8504"},{"taxonomy":"post_tag","embeddable":true,"href":"https:\/\/archivio.comune.potenza.it\/index.php?rest_route=%2Fwp%2Fv2%2Ftags&post=8504"}],"curies":[{"name":"wp","href":"https:\/\/api.w.org\/{rel}","templated":true}]}}