{"id":8520,"date":"2013-11-23T14:54:49","date_gmt":"2013-11-23T13:54:49","guid":{"rendered":"http:\/\/archivio.comune.potenza.it\/comune_wp\/?p=8520"},"modified":"2013-11-23T14:54:49","modified_gmt":"2013-11-23T13:54:49","slug":"rocco-summa-d-ec-approvvigionamento-di-sale-in-vista-del-maltempo","status":"publish","type":"post","link":"https:\/\/archivio.comune.potenza.it\/?p=8520","title":{"rendered":"Rocco Summa (D.eC.): Approvvigionamento di sale in vista del maltempo"},"content":{"rendered":"<p>&#8220;In Europa si \u00e8 diffusa la convinzione che &#8211; secondo il consigliere comunale dei Dec Rocco Summa &#8211; se a Natale splender\u00e0 il sole, a Pasqua sar\u00e0 cattivo tempo. Sappiamo tutti che le stagioni non sono pi\u00f9 quelle di una volta, prima si poteva dire &#8216;La neve Decembrina per tre mesi ci rovina&#8217; dato che qui da noi nevicava molto in inverno, ma adesso ci rendiamo conto che non sono pi\u00f9 tanto prevedibili, e proprio per la loro imprevedibilit\u00e0 non dobbiamo sottovalutarle. E\u2019 novembre, fa freddo, nei prossimi mesi sicuramente le temperature scenderanno, ma non sappiamo pi\u00f9 quando nevicher\u00e0, che succeda a Natale o a Pasqua non \u00e8 tanto importante, ci\u00f2 che conta \u00e8 essere preparati. Proprio per questo, \u00e8 bene organizzarsi adeguatamente per far fronte agli eventi atmosferici invernali. Come negli anni scorsi &#8211; prosegue il consigliere Summa (Democratici e Cattolici) &#8211; anche quest\u2019anno ho fatto richiesta all\u2019azienda municipale Acta affinch\u00e9 possa dotare le zone dell\u2019hinterland potentino, pi\u00f9 esposte alle difficolt\u00e0 derivanti dal maltempo, di sacchi di sale da poter utilizzare per cospargere le strade ed evitare che le stesse ghiaccino creando disagi ed incidenti. Infatti, come gi\u00e0 dimostrato in passato, la collaborazione tra Acta, ditte private che operano sul territorio rurale e cittadini \u00e8 fondamentale: i provvedimenti adottati negli scorsi anni hanno fatto s\u00ec che avendo a disposizione i sacchi di sale gi\u00e0 in loco, consegnati in precedenza dall\u2019Acta, i residenti delle zone in questione si sono adoperati per fronteggiare il maltempo tempestivamente, cospergendo le strade comunali di sale ed evitando cos\u00ec la formazione di lastre di ghiaccio pericolose, riducendo quindi il rischio di incidenti e permettendo a scuolabus, automobili e pedoni di potersi spostare pi\u00f9 facilmente; al loro intervento si \u00e8 unito poi il lavoro degli operatori delle ditte private che hanno completato l\u2019operazione di pulizia e messa in sicurezza delle strade e hanno fatto s\u00ec che le normali attivit\u00e0 dei cittadini non fossero compromesse. Se anche quest\u2019anno &#8211; conclude il consigliere dei Dec &#8211; i sacchi di sale verranno posti nei suddetti punti strategici, sicuramente le intemperie non creeranno problemi di viabilit\u00e0 e, fronteggiandole nel modo giusto, tutti potranno continuare a svolgere le proprie attivit\u00e0 quotidiane&#8221;.<\/p>\n","protected":false},"excerpt":{"rendered":"<p>&#8220;In Europa si \u00e8 diffusa la convinzione che &#8211; secondo il consigliere comunale dei Dec Rocco Summa &#8211; se a Natale splender\u00e0 il sole, a &#8230; <\/p>\n","protected":false},"author":1,"featured_media":0,"comment_status":"closed","ping_status":"closed","sticky":false,"template":"single-sidebar.php","format":"standard","meta":{"footnotes":""},"categories":[384],"tags":[],"class_list":["post-8520","post","type-post","status-publish","format-standard","hentry","category-c243-comunicati-stampa-dei-consiglieri-243"],"_links":{"self":[{"href":"https:\/\/archivio.comune.potenza.it\/index.php?rest_route=\/wp\/v2\/posts\/8520"}],"collection":[{"href":"https:\/\/archivio.comune.potenza.it\/index.php?rest_route=\/wp\/v2\/posts"}],"about":[{"href":"https:\/\/archivio.comune.potenza.it\/index.php?rest_route=\/wp\/v2\/types\/post"}],"author":[{"embeddable":true,"href":"https:\/\/archivio.comune.potenza.it\/index.php?rest_route=\/wp\/v2\/users\/1"}],"replies":[{"embeddable":true,"href":"https:\/\/archivio.comune.potenza.it\/index.php?rest_route=%2Fwp%2Fv2%2Fcomments&post=8520"}],"version-history":[{"count":0,"href":"https:\/\/archivio.comune.potenza.it\/index.php?rest_route=\/wp\/v2\/posts\/8520\/revisions"}],"wp:attachment":[{"href":"https:\/\/archivio.comune.potenza.it\/index.php?rest_route=%2Fwp%2Fv2%2Fmedia&parent=8520"}],"wp:term":[{"taxonomy":"category","embeddable":true,"href":"https:\/\/archivio.comune.potenza.it\/index.php?rest_route=%2Fwp%2Fv2%2Fcategories&post=8520"},{"taxonomy":"post_tag","embeddable":true,"href":"https:\/\/archivio.comune.potenza.it\/index.php?rest_route=%2Fwp%2Fv2%2Ftags&post=8520"}],"curies":[{"name":"wp","href":"https:\/\/api.w.org\/{rel}","templated":true}]}}