{"id":8538,"date":"2013-11-26T11:25:42","date_gmt":"2013-11-26T10:25:42","guid":{"rendered":"http:\/\/archivio.comune.potenza.it\/comune_wp\/?p=8538"},"modified":"2013-11-26T11:25:42","modified_gmt":"2013-11-26T10:25:42","slug":"gianpaolo-carretta-partito-democratico-rischio-idrogeologico","status":"publish","type":"post","link":"https:\/\/archivio.comune.potenza.it\/?p=8538","title":{"rendered":"Gianpaolo Carretta (Partito Democratico): Rischio idrogeologico"},"content":{"rendered":"<p>Gli eventi calamitosi degli ultimi giorni, accaduti in Sardegna, cos\u00ec come quelli accaduti recentemente nel metapontino, in aggiunta alle allerte meteo che la protezione civile lancia periodicamente, soprattutto nei mesi invernali, ci ricordano come la Basilicata sia costituita da un&#8217;alta percentuale di territorio fragile, che, sottoposto a frequenti piogge, sempre pi\u00f9 intense e violente, possa mettere a rischio la popolazione lucana.<\/p>\n<p>Nel Capoluogo, ad esempio, il monitoraggio del torrente Gallitello, che scorre in una zona periferia, ma piena di attivit\u00e0 commerciali e di abitazioni, rende necessario eseguire una costante pulizia spondale e\u00a0 vegetazionale, che sia volta alla riduzione ed alla prevenzione del rischio.<\/p>\n<p>I riferimenti normativi per la pulizia e manutenzione degli alvei fluviali risalgono, purtroppo, a due Decreti Regi del 1904 e 1933, ma fortunatamente la Regione Basilicata ha approvato gi\u00e0 nel 2007 un progetto denominato \u201cVie Blu\u201d, da realizzarsi in un arco temporale di sette anni, che si prefigge la mitigazione del rischio idraulico, la riqualificazione strutturale e funzionale della rete ecologica e dei sistemi ambientali con la protezione e la prevenzione all&#8217;interno dei bacini idrografici dal rischio incendi, la condivisione delle informazioni e la diffusione della cultura dell&#8217;acqua, e infine l&#8217;occupazione di risorse umane con conseguente riduzione dei livelli di disoccupazione.<\/p>\n<p>Il Comune, a sua volta, adempiendo ad un manuale operativo, predisposto dalla Presidenza del Consiglio dei Ministri, ha predisposto un Piano Comunale di Emergenza, che tenga conto delle strutture maggiormente esposte al rischio, al fine della salvaguardia e dell&#8217;assistenza della popolazione, e al fine di una pianificazione ottimale della gestione dell&#8217;emergenza, secondo un opportuno modello di intervento.<\/p>\n<p>Affinch\u00e9, dunque, non si verifichino pi\u00f9 fenomeni alluvionali, \u00e8 necessario elaborare nuove strategie in difesa del territorio e predisporre nuovi regolamenti per la pianificazione e la gestione ordinaria del suolo, al fine di evitare ripercussioni disastrose sulla popolazione, mettendo in sinergia le attivit\u00e0 che gli Enti preposti devono porre in essere nel quadro delle proprie competenze.<\/p>\n<p>\u00a0\u00a0\u00a0\u00a0\u00a0\u00a0\u00a0\u00a0\u00a0\u00a0\u00a0\u00a0\u00a0\u00a0\u00a0\u00a0\u00a0\u00a0\u00a0\u00a0\u00a0\u00a0\u00a0\u00a0\u00a0\u00a0\u00a0\u00a0\u00a0\u00a0\u00a0\u00a0\u00a0\u00a0\u00a0\u00a0\u00a0\u00a0\u00a0\u00a0\u00a0\u00a0\u00a0\u00a0\u00a0\u00a0\u00a0\u00a0\u00a0\u00a0\u00a0\u00a0\u00a0\u00a0\u00a0\u00a0\u00a0\u00a0\u00a0\u00a0\u00a0\u00a0\u00a0\u00a0\u00a0\u00a0\u00a0\u00a0\u00a0\u00a0\u00a0\u00a0\u00a0\u00a0\u00a0\u00a0\u00a0\u00a0\u00a0\u00a0\u00a0\u00a0\u00a0\u00a0\u00a0\u00a0\u00a0\u00a0\u00a0\u00a0\u00a0\u00a0\u00a0\u00a0\u00a0\u00a0\u00a0\u00a0\u00a0\u00a0\u00a0\u00a0\u00a0\u00a0\u00a0\u00a0\u00a0\u00a0\u00a0\u00a0\u00a0\u00a0\u00a0\u00a0\u00a0\u00a0\u00a0\u00a0\u00a0\u00a0\u00a0\u00a0\u00a0\u00a0\u00a0\u00a0\u00a0\u00a0\u00a0\u00a0\u00a0\u00a0\u00a0\u00a0\u00a0\u00a0\u00a0\u00a0\u00a0\u00a0\u00a0\u00a0\u00a0\u00a0\u00a0\u00a0\u00a0\u00a0\u00a0\u00a0\u00a0\u00a0<\/p>\n","protected":false},"excerpt":{"rendered":"<p>Gli eventi calamitosi degli ultimi giorni, accaduti in Sardegna, cos\u00ec come quelli accaduti recentemente nel metapontino, in aggiunta alle allerte meteo che la protezione civile &#8230; <\/p>\n","protected":false},"author":1,"featured_media":0,"comment_status":"closed","ping_status":"closed","sticky":false,"template":"single-sidebar.php","format":"standard","meta":{"footnotes":""},"categories":[384],"tags":[],"class_list":["post-8538","post","type-post","status-publish","format-standard","hentry","category-c243-comunicati-stampa-dei-consiglieri-243"],"_links":{"self":[{"href":"https:\/\/archivio.comune.potenza.it\/index.php?rest_route=\/wp\/v2\/posts\/8538"}],"collection":[{"href":"https:\/\/archivio.comune.potenza.it\/index.php?rest_route=\/wp\/v2\/posts"}],"about":[{"href":"https:\/\/archivio.comune.potenza.it\/index.php?rest_route=\/wp\/v2\/types\/post"}],"author":[{"embeddable":true,"href":"https:\/\/archivio.comune.potenza.it\/index.php?rest_route=\/wp\/v2\/users\/1"}],"replies":[{"embeddable":true,"href":"https:\/\/archivio.comune.potenza.it\/index.php?rest_route=%2Fwp%2Fv2%2Fcomments&post=8538"}],"version-history":[{"count":0,"href":"https:\/\/archivio.comune.potenza.it\/index.php?rest_route=\/wp\/v2\/posts\/8538\/revisions"}],"wp:attachment":[{"href":"https:\/\/archivio.comune.potenza.it\/index.php?rest_route=%2Fwp%2Fv2%2Fmedia&parent=8538"}],"wp:term":[{"taxonomy":"category","embeddable":true,"href":"https:\/\/archivio.comune.potenza.it\/index.php?rest_route=%2Fwp%2Fv2%2Fcategories&post=8538"},{"taxonomy":"post_tag","embeddable":true,"href":"https:\/\/archivio.comune.potenza.it\/index.php?rest_route=%2Fwp%2Fv2%2Ftags&post=8538"}],"curies":[{"name":"wp","href":"https:\/\/api.w.org\/{rel}","templated":true}]}}