{"id":8641,"date":"2013-12-16T12:42:28","date_gmt":"2013-12-16T11:42:28","guid":{"rendered":"http:\/\/archivio.comune.potenza.it\/comune_wp\/?p=8641"},"modified":"2013-12-16T12:42:28","modified_gmt":"2013-12-16T11:42:28","slug":"giuseppe-molinari-gruppo-molinari-trasporto-ferroviario","status":"publish","type":"post","link":"https:\/\/archivio.comune.potenza.it\/?p=8641","title":{"rendered":"Giuseppe Molinari (Gruppo Molinari): Trasporto ferroviario"},"content":{"rendered":"<p>\u201cE&#8217; necessario tornare quanto prima ad affrontare la vertenza aperta con Trenitalia che continua a creare disagi per chi arriva o parte dalla citt\u00e0 di Potenza e, pi\u00f9 in generale, dai comuni lucani. La stampa riporta sempre pi\u00f9 spesso episodi di ritardi inaccettabili che si vanno ad aggiungere alle scelte negative che Trenitalia ha adottato privando la citt\u00e0 capoluogo di regione della possibilit\u00e0 di avere diverse opportunit\u00e0 di scelta per organizzare partenze e ritorni. Ricordiamo la soppressione dell&#8217;Eurostar per e da Roma. Di recente, poi, la notizia della sospensione del trasporto su rotaie per\u00a0 i collegamenti Potenza, Salerno e Napoli. In questo momento in cui ci si prepara ad una nuova fase per la Regione Basilicata, ma anche per la citt\u00e0 di Potenza, \u00e8 necessario elaborare proposte e assumere forti posizioni per garantire ai lucani puntualit\u00e0 e qualit\u00e0 dei viaggi in treno come richiesto anche dal sindaco del capoluogo di regione. La Regione Basilicata, a riguardo, deve garantire una presenza pi\u00f9 incisiva ed avere un ruolo pi\u00f9 autorevole\u201d.<\/p>\n<p>Lo evidenzia il consigliere comunale di Potenza Giuseppe Molinari che ritiene \u201curgente riaccendere i riflettori su una questione irrisolta e che si protrae da troppo tempo creando disagi insopportabili ed ormai diventati quasi regola. Trenitalia non pu\u00f2 sottrarsi alle sue responsabilit\u00e0 e l&#8217;amministrazione comunale di Potenza deve far il possibile per ottenere risposte in merito alla scarsa qualit\u00e0 del servizio di trasporto offerto ai cittadini del capoluogo di regione. C&#8217;\u00e8 bisogno di riaprire un confronto sulla questione. Il Consiglio comunale di Potenza potrebbe essere promotore di proposte ed iniziative finalizzate a coinvolgere il territorio ed altri comuni del suo hinterlad al fine di fare massa critica e sviluppare ipotesi da presentare alla stessa Trenitalia cos\u00ec da svolgere un ruolo attivo e non solo di protesta. Gli investimenti che la societ\u00e0 ha tante volte ribadito di aver fatto anche in Basilicata non hanno determinato in maniera evidente e sentita alcun miglioramento tale da offuscare i troppi disagi che, al contrario, sono certamente avvertiti\u201d.<\/p>\n<p>\u201cSi potrebbe convocare \u2013 continua Molinari- un Consiglio comunale ad hoc per fare il punto sulla situazione trasporti e collegamenti della citt\u00e0 di Potenza ed al contempo raccogliere idee e progetti da far condividere alla Regione Basilicata e altre istituzioni e comuni interessati\u201d.<\/p>\n<p>\u00a0<\/p>\n<p>\u00a0<\/p>\n","protected":false},"excerpt":{"rendered":"<p>\u201cE&#8217; necessario tornare quanto prima ad affrontare la vertenza aperta con Trenitalia che continua a creare disagi per chi arriva o parte dalla citt\u00e0 di &#8230; <\/p>\n","protected":false},"author":1,"featured_media":0,"comment_status":"closed","ping_status":"closed","sticky":false,"template":"single-sidebar.php","format":"standard","meta":{"footnotes":""},"categories":[384],"tags":[],"class_list":["post-8641","post","type-post","status-publish","format-standard","hentry","category-c243-comunicati-stampa-dei-consiglieri-243"],"_links":{"self":[{"href":"https:\/\/archivio.comune.potenza.it\/index.php?rest_route=\/wp\/v2\/posts\/8641"}],"collection":[{"href":"https:\/\/archivio.comune.potenza.it\/index.php?rest_route=\/wp\/v2\/posts"}],"about":[{"href":"https:\/\/archivio.comune.potenza.it\/index.php?rest_route=\/wp\/v2\/types\/post"}],"author":[{"embeddable":true,"href":"https:\/\/archivio.comune.potenza.it\/index.php?rest_route=\/wp\/v2\/users\/1"}],"replies":[{"embeddable":true,"href":"https:\/\/archivio.comune.potenza.it\/index.php?rest_route=%2Fwp%2Fv2%2Fcomments&post=8641"}],"version-history":[{"count":0,"href":"https:\/\/archivio.comune.potenza.it\/index.php?rest_route=\/wp\/v2\/posts\/8641\/revisions"}],"wp:attachment":[{"href":"https:\/\/archivio.comune.potenza.it\/index.php?rest_route=%2Fwp%2Fv2%2Fmedia&parent=8641"}],"wp:term":[{"taxonomy":"category","embeddable":true,"href":"https:\/\/archivio.comune.potenza.it\/index.php?rest_route=%2Fwp%2Fv2%2Fcategories&post=8641"},{"taxonomy":"post_tag","embeddable":true,"href":"https:\/\/archivio.comune.potenza.it\/index.php?rest_route=%2Fwp%2Fv2%2Ftags&post=8641"}],"curies":[{"name":"wp","href":"https:\/\/api.w.org\/{rel}","templated":true}]}}