{"id":8642,"date":"2013-12-16T12:43:50","date_gmt":"2013-12-16T11:43:50","guid":{"rendered":"http:\/\/archivio.comune.potenza.it\/comune_wp\/?p=8642"},"modified":"2013-12-16T12:43:50","modified_gmt":"2013-12-16T11:43:50","slug":"nicola-becce-popolo-della-liberta-ronde-per-vigilare-in-centro","status":"publish","type":"post","link":"https:\/\/archivio.comune.potenza.it\/?p=8642","title":{"rendered":"Nicola Becce (Popolo della Libert\u00e0): Ronde per vigilare in centro"},"content":{"rendered":"<p>Abbiamo potuto verificare in questi ultimi anni come il degrado del nostro centro storico, sia continuo e progressivo. Via d\u2019uscita? Le ronde. Strade principali e vicoli impraticabili, lastroni e sanpietrini instabili e che si muovono al passaggio di pedoni e veicoli. Buche sempre pi\u00f9 profonde, specie in via Vescovado e in via Due Torri, con il bus \u2018turistico\u2019 Pretoria che allieta con il suo arancione le grigie giornate invernali, utilizzato esclusivamente dal conducente, e che forse sarebbe meglio prevedere scoperto, aspettando i turisti giapponesi di Roma, o i vincitori del campionato di calcio. Cittadini costretti a potarsi da soli gli alberi, a ripararsi le panchine, sporco ovunque, tempietto di San Gerardo di marmo, che non \u00e8 pi\u00f9 l\u2019edicola sacra dedicata alla venerazione del nostro Santo Patrono, ma un ritrovo dove consumare birra, pizza e crepes, lasciando sull\u2019altare i rifiuti in bella mostra e scrivendo sulle pareti. Scritte e \u2018graffiti\u2019 ovunque sui muri, che contribuiscono a deturpare ulteriormente un panorama che definire desolante sarebbe poco. Tesserini ai writers, tessera agli ispettori ambientali, telecamere per la videosorveglianza, paiono dimenticati, inutilizzati, sicuramente inutili. Penso a ispettori ambientali che non abbiamo visto se non nella foto della consegna da parte del Sindaco dell\u2019agognato cartellino con tanto di foto. Penso a telecamere che dovevano individuare, consentire di risalire, almeno ipotizzare gli autori di atti di vandalismo e che puntualmente tornano a ripetersi rimanendo impuniti. Penso soprattutto alla triste novit\u00e0 di questi ultimi giorni, con delinquenti, altro che writers, che si sono accaniti sulle pareti degli edifici che si affacciano su via Pretoria, lasciando la firma del loro gruppo. E s\u00ec perch\u00e9 non servirebbe Sherlock Holmes per risalire, al \u2018gruppo\u2019 e quindi all\u2019autore di queste porcherie \u2018firmate\u2019 che costringono operatori commerciali gi\u00e0 in grande difficolt\u00e0 a doversi preoccupare anche di far ritinteggiare gli immobili, e nei casi peggiori, quando vittime dello spray sono pareti in pietra, a usare addirittura la sabbiatura, operazione che ha costi davvero elevati. \u00a0Constatata l\u2019assenza, l\u2019inefficienza o comunque l\u2019inefficacia dei provvedimenti che pure si \u00e8 pensato, evidentemente sbagliando, di porre in essere, l\u2019unica strada percorribile, visto che quelle del centro oramai non lo sono pi\u00f9, rimane quella dell\u2019istituzione di ronde. Sono a disposizione per organizzarle chiedendo ai volontari che volessero farne parte, di dotarsi n\u00e9 di manganelli n\u00e9 di spray urticanti, ma solo di telefonini e macchine fotografiche, per segnalare in tempo reale e documentare i comportamenti incivili di pochi che rendono pi\u00f9 brutta la citt\u00e0, che invece \u00e8 di tutti. Se ci si continua a preoccupare per le contrade e si lascia morire il centro, se si afferma che la Regione dovrebbe preoccuparsi del suo cuore che \u00e8 Potenza e ci si dimentica del cuore antico del capoluogo, non \u00e8 lontano il giorno nel quale come Brescia ci troveremmo in una citt\u00e0 che per met\u00e0 \u00e8 popolata di stranieri, cosa dalla quale ci mette al riparo solo il fatto e che anche le persone extracomunitarie non abbiano Potenza tra le mete appetibili.<\/p>\n","protected":false},"excerpt":{"rendered":"<p>Abbiamo potuto verificare in questi ultimi anni come il degrado del nostro centro storico, sia continuo e progressivo. Via d\u2019uscita? Le ronde. Strade principali e &#8230; <\/p>\n","protected":false},"author":1,"featured_media":0,"comment_status":"closed","ping_status":"closed","sticky":false,"template":"single-sidebar.php","format":"standard","meta":{"footnotes":""},"categories":[384],"tags":[],"class_list":["post-8642","post","type-post","status-publish","format-standard","hentry","category-c243-comunicati-stampa-dei-consiglieri-243"],"_links":{"self":[{"href":"https:\/\/archivio.comune.potenza.it\/index.php?rest_route=\/wp\/v2\/posts\/8642"}],"collection":[{"href":"https:\/\/archivio.comune.potenza.it\/index.php?rest_route=\/wp\/v2\/posts"}],"about":[{"href":"https:\/\/archivio.comune.potenza.it\/index.php?rest_route=\/wp\/v2\/types\/post"}],"author":[{"embeddable":true,"href":"https:\/\/archivio.comune.potenza.it\/index.php?rest_route=\/wp\/v2\/users\/1"}],"replies":[{"embeddable":true,"href":"https:\/\/archivio.comune.potenza.it\/index.php?rest_route=%2Fwp%2Fv2%2Fcomments&post=8642"}],"version-history":[{"count":0,"href":"https:\/\/archivio.comune.potenza.it\/index.php?rest_route=\/wp\/v2\/posts\/8642\/revisions"}],"wp:attachment":[{"href":"https:\/\/archivio.comune.potenza.it\/index.php?rest_route=%2Fwp%2Fv2%2Fmedia&parent=8642"}],"wp:term":[{"taxonomy":"category","embeddable":true,"href":"https:\/\/archivio.comune.potenza.it\/index.php?rest_route=%2Fwp%2Fv2%2Fcategories&post=8642"},{"taxonomy":"post_tag","embeddable":true,"href":"https:\/\/archivio.comune.potenza.it\/index.php?rest_route=%2Fwp%2Fv2%2Ftags&post=8642"}],"curies":[{"name":"wp","href":"https:\/\/api.w.org\/{rel}","templated":true}]}}