{"id":8643,"date":"2013-12-16T12:44:58","date_gmt":"2013-12-16T11:44:58","guid":{"rendered":"http:\/\/archivio.comune.potenza.it\/comune_wp\/?p=8643"},"modified":"2013-12-16T12:44:58","modified_gmt":"2013-12-16T11:44:58","slug":"nicola-becce-popolo-della-liberta-caserma-lucania","status":"publish","type":"post","link":"https:\/\/archivio.comune.potenza.it\/?p=8643","title":{"rendered":"Nicola Becce (Popolo della Libert\u00e0): Caserma Lucania"},"content":{"rendered":"<p>Anni di promesse e di annunci. Ma mai una certezza sul futuro della storica Caserma Lucania. E cos\u00ec mentre sono trascorsi anni da quando \u00e8 stato annunciato il trasferimento dei Carabinieri presso la sede che fu del Battaglione Lucania ad oggi ancora nulla. La struttura- cos\u00ec riferiscono le cronache -continua a essere deserta e abbandonata pare per assenza di fondi per riqualificare l&#8217;enorme struttura. Uno spreco che fa il paio con il deperimento generale della caserma. Tanto pi\u00f9 che i militari del Novantunesimo Battaglione continuano a lavorare lontani dalla propria citt\u00e0 e dalle proprie famiglie, trasferiti in altre caserme spesso collocate in altre regioni. Ma a parte tutte le vicende legate al futuro della struttura e ad una battaglia perduta, \u00e8 forte il rammarico per il venir meno di un presidio dell&#8217;Esercito che avrebbe dato una mano in occasione dell&#8217;emergenza maltempo che sta interessando la nostra regione ed in particolare il territorio metapontino. La presenza del Genio avrebbe certamente contribuito alle operazioni di soccorso e intervento in molte delle aree colpite, portando servizio e professionalit\u00e0 accanto alla collaudata e sempre utilissima azione messa in piedi dalla Protezione civile. Come mai nessuno ha pensato all&#8217;esercito e alla caserma in caso di calamit\u00e0 naturali? Perch\u00e8 nessuno sembra ricordare l&#8217;attivit\u00e0 svolta dai militari in occasione del terremoto del 1980? Verrebbe da dire che solo oggi, in occasione di una cos\u00ec violenta ondata di maltempo qualcuno sembra rimpiangere la Caserma Lucania e la sua valenza sul territorio. Ma \u2013 come detto \u2013 in Basilicata spesso i progetti restano sulla carta e tra annunci roboanti e promesse da marinaio, tanto la Regione quanto il Comune di Potenza non sono riusciti a preservare il presidio militare in citt\u00e0. A nulla sono valsi i pur numerosi \u2013 almeno cos\u00ec ci hanno fatto credere \u2013 colloqui intercorsi con il ministero della Difesa per trovare un accordo. Oggi sembra che la Caserma Lucania non interessi pi\u00f9 a nessuno, n\u00e9 tantomeno all\u2019amministrazione comunale che si accontenta di non avere pi\u00f9 un presidio militare in citt\u00e0 e al contempo di annoverare una nuova struttura abbandonata nella lunga lista esistente. Tutto questo nonstante a fine settembre proprio il sindaco Santarsiero (oggi neo consigliere regionale) continuava a ribadire la veridicit\u00e0 dell&#8217;affidamento dall&#8217;Arma dei Carabinieri. E allora mi chiedo: ma esiste un atto ufficiale che comprovi l&#8217;effettivo passaggio? Perch\u00e8 non se ne informa la cittadinanza con la trasparenza e la correttezza che pure meriterebbe? Tutta questa vicenda lascia sconcertati per l&#8217;assoluto silenzio istituzionale e che chiama in causa anche i nostri parlamentari. Tutti \u2013 di centrodestra e centrosinistra \u2013 silenti in occasione della chiusura del presidio militare ed ora completamente disinteressati.<\/p>\n<p>\u00a0<\/p>\n","protected":false},"excerpt":{"rendered":"<p>Anni di promesse e di annunci. Ma mai una certezza sul futuro della storica Caserma Lucania. E cos\u00ec mentre sono trascorsi anni da quando \u00e8 &#8230; <\/p>\n","protected":false},"author":1,"featured_media":0,"comment_status":"closed","ping_status":"closed","sticky":false,"template":"single-sidebar.php","format":"standard","meta":{"footnotes":""},"categories":[384],"tags":[],"class_list":["post-8643","post","type-post","status-publish","format-standard","hentry","category-c243-comunicati-stampa-dei-consiglieri-243"],"_links":{"self":[{"href":"https:\/\/archivio.comune.potenza.it\/index.php?rest_route=\/wp\/v2\/posts\/8643"}],"collection":[{"href":"https:\/\/archivio.comune.potenza.it\/index.php?rest_route=\/wp\/v2\/posts"}],"about":[{"href":"https:\/\/archivio.comune.potenza.it\/index.php?rest_route=\/wp\/v2\/types\/post"}],"author":[{"embeddable":true,"href":"https:\/\/archivio.comune.potenza.it\/index.php?rest_route=\/wp\/v2\/users\/1"}],"replies":[{"embeddable":true,"href":"https:\/\/archivio.comune.potenza.it\/index.php?rest_route=%2Fwp%2Fv2%2Fcomments&post=8643"}],"version-history":[{"count":0,"href":"https:\/\/archivio.comune.potenza.it\/index.php?rest_route=\/wp\/v2\/posts\/8643\/revisions"}],"wp:attachment":[{"href":"https:\/\/archivio.comune.potenza.it\/index.php?rest_route=%2Fwp%2Fv2%2Fmedia&parent=8643"}],"wp:term":[{"taxonomy":"category","embeddable":true,"href":"https:\/\/archivio.comune.potenza.it\/index.php?rest_route=%2Fwp%2Fv2%2Fcategories&post=8643"},{"taxonomy":"post_tag","embeddable":true,"href":"https:\/\/archivio.comune.potenza.it\/index.php?rest_route=%2Fwp%2Fv2%2Ftags&post=8643"}],"curies":[{"name":"wp","href":"https:\/\/api.w.org\/{rel}","templated":true}]}}