{"id":8646,"date":"2013-12-16T12:50:53","date_gmt":"2013-12-16T11:50:53","guid":{"rendered":"http:\/\/archivio.comune.potenza.it\/comune_wp\/?p=8646"},"modified":"2013-12-16T12:50:53","modified_gmt":"2013-12-16T11:50:53","slug":"gianpaolo-carretta-8partito-democratico-dichiarazioni-del-consigliere-sergio-potenza-in-consiglio-comunale","status":"publish","type":"post","link":"https:\/\/archivio.comune.potenza.it\/?p=8646","title":{"rendered":"Gianpaolo Carretta 8partito Democratico): Dichiarazioni del Consigliere Sergio Potenza in Consiglio Comunale"},"content":{"rendered":"<p>&#8220;Le dichiarazioni fatte dal capogruppo dei Popolari uniti, in occasione della seduta del Consiglio comunale di Potenza dedicata alla discussione del bilancio previsionale,non costituiscono uno stimolo critico e costruttivo ma un attacco gratuito contro l&#8217;Amministrazione comunale e la maggioranza di centro sinistra. Segnano la inequivocabile ed oggettiva volont\u00e0 di rompere l&#8217;alleanza politico programmatica sancita con le elezioni del 2004 e trovano conferma nella dichiarazione di adesione al gruppo misto del consigliere Antonio Vaccaro e degli assessori Fiore e Campagna che hanno ribadito la loro lealt\u00e0 e la loro collocazione all&#8217;interno del centro sinistra.&#8221; Cos\u00ec il capogruppo del PD Gianpaolo Carretta per il quale &#8220;tale comportamento finisce per ripercuotersi contro la Comunit\u00e0 potentina che attendeva l&#8217;approvazione di un provvedimento importante come quello del bilancio previsionale e pertanto il gruppo del Partito Democratico della Citt\u00e0 di Potenza non pu\u00f2 far altro che prendere atto di tali comportamenti politico amministrativi e continuer\u00e0 a difendere le ragioni della buona amministrazione finalizzata allo sviluppo socio economico della nostra citt\u00e0 e alla tutela del bene comune.&#8221;<\/p>\n<p><\/p>\n","protected":false},"excerpt":{"rendered":"<p>&#8220;Le dichiarazioni fatte dal capogruppo dei Popolari uniti, in occasione della seduta del Consiglio comunale di Potenza dedicata alla discussione del bilancio previsionale,non costituiscono uno &#8230; <\/p>\n","protected":false},"author":1,"featured_media":0,"comment_status":"closed","ping_status":"closed","sticky":false,"template":"single-sidebar.php","format":"standard","meta":{"footnotes":""},"categories":[384],"tags":[],"class_list":["post-8646","post","type-post","status-publish","format-standard","hentry","category-c243-comunicati-stampa-dei-consiglieri-243"],"_links":{"self":[{"href":"https:\/\/archivio.comune.potenza.it\/index.php?rest_route=\/wp\/v2\/posts\/8646"}],"collection":[{"href":"https:\/\/archivio.comune.potenza.it\/index.php?rest_route=\/wp\/v2\/posts"}],"about":[{"href":"https:\/\/archivio.comune.potenza.it\/index.php?rest_route=\/wp\/v2\/types\/post"}],"author":[{"embeddable":true,"href":"https:\/\/archivio.comune.potenza.it\/index.php?rest_route=\/wp\/v2\/users\/1"}],"replies":[{"embeddable":true,"href":"https:\/\/archivio.comune.potenza.it\/index.php?rest_route=%2Fwp%2Fv2%2Fcomments&post=8646"}],"version-history":[{"count":0,"href":"https:\/\/archivio.comune.potenza.it\/index.php?rest_route=\/wp\/v2\/posts\/8646\/revisions"}],"wp:attachment":[{"href":"https:\/\/archivio.comune.potenza.it\/index.php?rest_route=%2Fwp%2Fv2%2Fmedia&parent=8646"}],"wp:term":[{"taxonomy":"category","embeddable":true,"href":"https:\/\/archivio.comune.potenza.it\/index.php?rest_route=%2Fwp%2Fv2%2Fcategories&post=8646"},{"taxonomy":"post_tag","embeddable":true,"href":"https:\/\/archivio.comune.potenza.it\/index.php?rest_route=%2Fwp%2Fv2%2Ftags&post=8646"}],"curies":[{"name":"wp","href":"https:\/\/api.w.org\/{rel}","templated":true}]}}