{"id":8647,"date":"2013-12-16T12:52:21","date_gmt":"2013-12-16T11:52:21","guid":{"rendered":"http:\/\/archivio.comune.potenza.it\/comune_wp\/?p=8647"},"modified":"2013-12-16T12:52:21","modified_gmt":"2013-12-16T11:52:21","slug":"valentino-fellone-e-antonio-losasso-popolari-uniti-riduzione-spese-p-a-e-numero-assessori","status":"publish","type":"post","link":"https:\/\/archivio.comune.potenza.it\/?p=8647","title":{"rendered":"Valentino Fellone e Antonio Losasso (Popolari Uniti): riduzione spese P.A. e numero assessori."},"content":{"rendered":"<p>&#8220;Il 2103 si conclude all&#8217;insegna delle difficolt\u00e0 economiche e finanziare per le famiglie. Occorre da parte di tutti compiere gli sforzi necessari per ridurre le voci di spesa della PA ed evitare il conseguente incremento della tassazione&#8221;. Questo \u00e8 quanto dichiarato dai consiglieri comunali Antonio Losasso e Valentino Fellone.<\/p>\n<p>&#8220;I Popolari uniti presenti nel Consiglio comunale di Potenza, rappresentati da Sergio Potenza, evidenziano che le dichiarazioni rese dal proprio Capogruppo in occasione della discussione per l\u2019approvazione del bilancio non contengono alcuna &#8220;inequivocabile ed oggettiva volont\u00e0 di rompere l&#8217;alleanza politico programmatica&#8221;, ma hanno il solo fine di scuotere la maggioranza, nonch\u00e9 di difendere quel sacrosanto diritto alla partecipazione e alla discussione su atti politici importanti&#8221;. Cos\u00ec continuano i consiglieri comunali Antonio Losasso e Valentino Fellone all&#8217;indomani delle dichiarazioni apparse sulla stampa da parte del capogruppo del PD e di altri delegati del Sindaco. &#8220;Dobbiamo prendere atto &#8211; sostengono i consiglieri Losasso e Fellone &#8211; che continua imperterrito il disegno del divide et impera, specie da parte di chi come il vice Sindaco si e\u2019 chiamato fuori dalla squadra per mere ragioni di &#8220;poltrona&#8221;; questioni che nulla hanno a che vedere con gli interessi generali dei cittadini o di bilancio&#8221;.<\/p>\n<p>&#8220;Il bilancio di previsione del Comune di Potenza, nonostante sia intempestivo il termine di approvazione, contiene delle criticit\u00e0 che necessitano di essere affrontate, senza \u201cse\u201d e senza \u201cma\u201d,\u00a0 per una visione lungimirante, con quell&#8217;impegno e dedizione del buon padre di famiglia. Gli atti di forza e di arroganza non contrassegnano la buona e sana amministrazione, anzi il contrario!&#8221;<\/p>\n<p>&#8220;Un Sindaco neo eletto consigliere regionale &#8211; concludono i consiglieri &#8211; che chiede assessori regionali non esterni in ragione del contenimento della spesa, farebbe bene a dare corso alla nostra richiesta di gruppo, reiterata nel luglio scorso, ovvero la riduzione immediata degli assessori comunali nel numero massimo di sei&#8221;.<\/p>\n","protected":false},"excerpt":{"rendered":"<p>&#8220;Il 2103 si conclude all&#8217;insegna delle difficolt\u00e0 economiche e finanziare per le famiglie. Occorre da parte di tutti compiere gli sforzi necessari per ridurre le &#8230; <\/p>\n","protected":false},"author":1,"featured_media":0,"comment_status":"closed","ping_status":"closed","sticky":false,"template":"single-sidebar.php","format":"standard","meta":{"footnotes":""},"categories":[384],"tags":[],"class_list":["post-8647","post","type-post","status-publish","format-standard","hentry","category-c243-comunicati-stampa-dei-consiglieri-243"],"_links":{"self":[{"href":"https:\/\/archivio.comune.potenza.it\/index.php?rest_route=\/wp\/v2\/posts\/8647"}],"collection":[{"href":"https:\/\/archivio.comune.potenza.it\/index.php?rest_route=\/wp\/v2\/posts"}],"about":[{"href":"https:\/\/archivio.comune.potenza.it\/index.php?rest_route=\/wp\/v2\/types\/post"}],"author":[{"embeddable":true,"href":"https:\/\/archivio.comune.potenza.it\/index.php?rest_route=\/wp\/v2\/users\/1"}],"replies":[{"embeddable":true,"href":"https:\/\/archivio.comune.potenza.it\/index.php?rest_route=%2Fwp%2Fv2%2Fcomments&post=8647"}],"version-history":[{"count":0,"href":"https:\/\/archivio.comune.potenza.it\/index.php?rest_route=\/wp\/v2\/posts\/8647\/revisions"}],"wp:attachment":[{"href":"https:\/\/archivio.comune.potenza.it\/index.php?rest_route=%2Fwp%2Fv2%2Fmedia&parent=8647"}],"wp:term":[{"taxonomy":"category","embeddable":true,"href":"https:\/\/archivio.comune.potenza.it\/index.php?rest_route=%2Fwp%2Fv2%2Fcategories&post=8647"},{"taxonomy":"post_tag","embeddable":true,"href":"https:\/\/archivio.comune.potenza.it\/index.php?rest_route=%2Fwp%2Fv2%2Ftags&post=8647"}],"curies":[{"name":"wp","href":"https:\/\/api.w.org\/{rel}","templated":true}]}}