{"id":8648,"date":"2013-12-16T12:53:35","date_gmt":"2013-12-16T11:53:35","guid":{"rendered":"http:\/\/archivio.comune.potenza.it\/comune_wp\/?p=8648"},"modified":"2013-12-16T12:53:35","modified_gmt":"2013-12-16T11:53:35","slug":"gianpaolo-carretta-partito-democratico-approvazione-bilancio-preventivo","status":"publish","type":"post","link":"https:\/\/archivio.comune.potenza.it\/?p=8648","title":{"rendered":"Gianpaolo Carretta (Partito Democratico): Approvazione bilancio preventivo"},"content":{"rendered":"<p>A fronte dei tagli strutturali fatti dal Governo nazionale nel comparto Enti locali negli ultimi anni e, di conseguenza, al Comune di Potenza, in uno alla continua disattenzione mostrata verso le politiche di sviluppo del Mezzogiorno, ed, a fronte della difficile situazione economica in cui versa il Comune, che nonostante le criticit\u00e0 finanziarie, continua a rispettare il Patto interno di Stabilit\u00e0 e sta brillantemente risanando il debito storico rinveniente dal dissesto, pari a 170 milioni di euro, avendo gi\u00e0 saldato circa 75 milioni, e nel contesto di disattenzione strutturale da parte della Regione Basilicata, che non ha mai riconosciuto negli ultimi anni il ruolo strategico del Capoluogo di Regione quale citt\u00e0 erogatrice di servizi di alta qualit\u00e0, all&#8217;intera comunit\u00e0 regionale, oggi \u00e8 stato approvato, in seno al Consiglio Comunale, un bilancio preventivo, a cui di fatto viene completamente snaturata la sua funzione strategica, dal momento che, sulla base di norme statali non condivisibili, viene illogicamente approvato a fine anno.<\/p>\n<p>Si \u00e8 trattato, dunque, di un bilancio prettamente tecnico, la cui funzione prioritaria \u00e8 quella di garantire alla citt\u00e0 di Potenza i servizi essenziali, attraverso un progetto che sia etico, ancor prima che politico. E sotto tale profilo sono da censurare i comportamenti di chi anche nella maggioranza, ha voluto distinguersi con il voto di astensione, che\u00a0 ha attestato l&#8217;incapacit\u00e0 di assumersi una responsabilit\u00e0 politico-amministrativa per il governo della nostra citt\u00e0.<\/p>\n<p>Adesso \u00e8 giunto il momento che la Regione Basilicata intervenga con un riconoscimento economico-strutturale che sia di aiuto alla classe dirigente a continuare il disegno strategico gi\u00e0 delineato con Potenza 2020.<\/p>\n<p>Ormai vi \u00e8 la necessit\u00e0 di intervenire per il Capoluogo di Regione, attraverso l&#8217;approvazione di una norma speciale, che gli riconosca il ruolo funzionale ed economico che riveste in tema di trasporti, viabilit\u00e0, ambiente, ecc.<\/p>\n<p>La citt\u00e0 di Potenza offre servizi ad una comunit\u00e0 molto pi\u00f9 ampia di quella cittadina, sopportandone i relativi costi e, a tal proposito, deve confermarsi citt\u00e0 di servizi di alta qualit\u00e0, definendo strategicamente la sua vocazione di Citt\u00e0 Comprensorio.<\/p>\n<p>Abbiamo la necessit\u00e0 ed il diritto, come classe dirigente, investita dal consenso popolare, di programmare il futuro della nostra comunit\u00e0, guardando al bene comune e delle nuove generazioni.<\/p>\n","protected":false},"excerpt":{"rendered":"<p>A fronte dei tagli strutturali fatti dal Governo nazionale nel comparto Enti locali negli ultimi anni e, di conseguenza, al Comune di Potenza, in uno &#8230; <\/p>\n","protected":false},"author":1,"featured_media":0,"comment_status":"closed","ping_status":"closed","sticky":false,"template":"single-sidebar.php","format":"standard","meta":{"footnotes":""},"categories":[384],"tags":[],"class_list":["post-8648","post","type-post","status-publish","format-standard","hentry","category-c243-comunicati-stampa-dei-consiglieri-243"],"_links":{"self":[{"href":"https:\/\/archivio.comune.potenza.it\/index.php?rest_route=\/wp\/v2\/posts\/8648"}],"collection":[{"href":"https:\/\/archivio.comune.potenza.it\/index.php?rest_route=\/wp\/v2\/posts"}],"about":[{"href":"https:\/\/archivio.comune.potenza.it\/index.php?rest_route=\/wp\/v2\/types\/post"}],"author":[{"embeddable":true,"href":"https:\/\/archivio.comune.potenza.it\/index.php?rest_route=\/wp\/v2\/users\/1"}],"replies":[{"embeddable":true,"href":"https:\/\/archivio.comune.potenza.it\/index.php?rest_route=%2Fwp%2Fv2%2Fcomments&post=8648"}],"version-history":[{"count":0,"href":"https:\/\/archivio.comune.potenza.it\/index.php?rest_route=\/wp\/v2\/posts\/8648\/revisions"}],"wp:attachment":[{"href":"https:\/\/archivio.comune.potenza.it\/index.php?rest_route=%2Fwp%2Fv2%2Fmedia&parent=8648"}],"wp:term":[{"taxonomy":"category","embeddable":true,"href":"https:\/\/archivio.comune.potenza.it\/index.php?rest_route=%2Fwp%2Fv2%2Fcategories&post=8648"},{"taxonomy":"post_tag","embeddable":true,"href":"https:\/\/archivio.comune.potenza.it\/index.php?rest_route=%2Fwp%2Fv2%2Ftags&post=8648"}],"curies":[{"name":"wp","href":"https:\/\/api.w.org\/{rel}","templated":true}]}}