{"id":8649,"date":"2013-12-16T12:55:20","date_gmt":"2013-12-16T11:55:20","guid":{"rendered":"http:\/\/archivio.comune.potenza.it\/comune_wp\/?p=8649"},"modified":"2013-12-16T12:55:20","modified_gmt":"2013-12-16T11:55:20","slug":"vincenzo-lofrano-gruppo-misto-approvazione-bilancio-preventivo","status":"publish","type":"post","link":"https:\/\/archivio.comune.potenza.it\/?p=8649","title":{"rendered":"Vincenzo Lofrano (Gruppo Misto): Approvazione Bilancio preventivo"},"content":{"rendered":"<p>Il consigliere del gruppo misto Vincenzo Lofrano, interviene sulla delibera di Bilancio previsionale: \u201cIl bilancio in questione presenta, a nostro avviso, luci ed ombre. Aspetti positivi sono la riduzione del debito pubblico, l&#8217;accantonamento di poste certe per portare a compimento progetti in itinere,l&#8217;aver mantenuto la TARSU per il 2013, investimenti in opere pubbliche per decine di milioni di euro con ricadute positive sull&#8217;economia locale,progetti tipo bottega rurale. Aspetti negativi, per i quali occorre fare di pi\u00f9, il trasporto pubblico, la qualit\u00e0 della vita in citt\u00e0,non ottimale secondo le classifiche del sole 24 ore:79\u00b0 posto su 107 capoluoghi di regione; occorre affrontare con pi\u00f9 decisione problematiche tipo centrale enel di via del gallitello, fonte di inquinamento elettromagnetico e la problematica ferriera, exsiderpotenza, fonte di inquinamento da polveri sottili(PM10), coniugando la sacrosanta salvaguardia dei posti di lavoro con l&#8217;altrettanto sacrosanta\u00a0 salvaguardia della salute dei cittadini,soprattutto di \u00a0Bucaletto e Betlemme. Il voto di astensione che abbiamo espresso vuole essere per alcuni versi un apprezzamento per altri uno sprone a fare,tutti, di pi\u00f9 e meglio nell&#8217;interesse collettivo\u201d conclude Lofrano.<\/p>\n<p>\u00a0<\/p>\n","protected":false},"excerpt":{"rendered":"<p>Il consigliere del gruppo misto Vincenzo Lofrano, interviene sulla delibera di Bilancio previsionale: \u201cIl bilancio in questione presenta, a nostro avviso, luci ed ombre. Aspetti &#8230; <\/p>\n","protected":false},"author":1,"featured_media":0,"comment_status":"closed","ping_status":"closed","sticky":false,"template":"single-sidebar.php","format":"standard","meta":{"footnotes":""},"categories":[384],"tags":[],"class_list":["post-8649","post","type-post","status-publish","format-standard","hentry","category-c243-comunicati-stampa-dei-consiglieri-243"],"_links":{"self":[{"href":"https:\/\/archivio.comune.potenza.it\/index.php?rest_route=\/wp\/v2\/posts\/8649"}],"collection":[{"href":"https:\/\/archivio.comune.potenza.it\/index.php?rest_route=\/wp\/v2\/posts"}],"about":[{"href":"https:\/\/archivio.comune.potenza.it\/index.php?rest_route=\/wp\/v2\/types\/post"}],"author":[{"embeddable":true,"href":"https:\/\/archivio.comune.potenza.it\/index.php?rest_route=\/wp\/v2\/users\/1"}],"replies":[{"embeddable":true,"href":"https:\/\/archivio.comune.potenza.it\/index.php?rest_route=%2Fwp%2Fv2%2Fcomments&post=8649"}],"version-history":[{"count":0,"href":"https:\/\/archivio.comune.potenza.it\/index.php?rest_route=\/wp\/v2\/posts\/8649\/revisions"}],"wp:attachment":[{"href":"https:\/\/archivio.comune.potenza.it\/index.php?rest_route=%2Fwp%2Fv2%2Fmedia&parent=8649"}],"wp:term":[{"taxonomy":"category","embeddable":true,"href":"https:\/\/archivio.comune.potenza.it\/index.php?rest_route=%2Fwp%2Fv2%2Fcategories&post=8649"},{"taxonomy":"post_tag","embeddable":true,"href":"https:\/\/archivio.comune.potenza.it\/index.php?rest_route=%2Fwp%2Fv2%2Ftags&post=8649"}],"curies":[{"name":"wp","href":"https:\/\/api.w.org\/{rel}","templated":true}]}}