{"id":8650,"date":"2013-12-16T13:09:55","date_gmt":"2013-12-16T12:09:55","guid":{"rendered":"http:\/\/archivio.comune.potenza.it\/comune_wp\/?p=8650"},"modified":"2013-12-16T13:09:55","modified_gmt":"2013-12-16T12:09:55","slug":"giuseppe-molinari-gruppo-molinari-voto-su-bilancio-di-previsione","status":"publish","type":"post","link":"https:\/\/archivio.comune.potenza.it\/?p=8650","title":{"rendered":"Giuseppe Molinari (Gruppo Molinari): Voto su Bilancio di previsione"},"content":{"rendered":"<p>In merito all&#8217;approvazione da parte del Consiglio comunale di Potenza del bilancio di previsione, il consigliere comunale Giuseppe Molinari dichiara che \u201ccome gi\u00e0 spiegato anche in sede di assemblea, ho scelto di astenermi in quanto ritengo il documento pi\u00f9 un consuntivo che un bilancio previsionale vista la data in cui lo si \u00e8 presentato all&#8217;assise per colpa soprattutto del governo centrale. Tutto avviene in un clima di incertezza normativa sia per quanto riguarda i nuovi tributi sia per quanto riguarda i continui tagli agli enti locali. Ci troviamo di fronte purtroppo ad un attacco al sistema delle autonomie locali i cui comuni sono il primo baluardo di democrazia e chi, come me, per storia politica ha scelto di aderire al popolarismo di Luigi Sturzo non pu\u00f2 non difendere il sistema dei comuni. Pur consapevole dei limiti di spesa che caratterizzano la vita amministrativa di tutti gli enti locali italiani, in pi\u00f9 di un&#8217;occasione ho espresso le mie perplessit\u00e0 in particolare in merito al servizio di trasporto pubblico urbano e di raccolta rifiuti proponendo, inoltre, iniziative per consentire all&#8217;amministrazione comunale di recuperare i crediti avanzati attraverso un sistema anche di rateizzazione per chi ha debiti con il Comune\u201d.<\/p>\n","protected":false},"excerpt":{"rendered":"<p>In merito all&#8217;approvazione da parte del Consiglio comunale di Potenza del bilancio di previsione, il consigliere comunale Giuseppe Molinari dichiara che \u201ccome gi\u00e0 spiegato anche &#8230; <\/p>\n","protected":false},"author":1,"featured_media":0,"comment_status":"closed","ping_status":"closed","sticky":false,"template":"single-sidebar.php","format":"standard","meta":{"footnotes":""},"categories":[384],"tags":[],"class_list":["post-8650","post","type-post","status-publish","format-standard","hentry","category-c243-comunicati-stampa-dei-consiglieri-243"],"_links":{"self":[{"href":"https:\/\/archivio.comune.potenza.it\/index.php?rest_route=\/wp\/v2\/posts\/8650"}],"collection":[{"href":"https:\/\/archivio.comune.potenza.it\/index.php?rest_route=\/wp\/v2\/posts"}],"about":[{"href":"https:\/\/archivio.comune.potenza.it\/index.php?rest_route=\/wp\/v2\/types\/post"}],"author":[{"embeddable":true,"href":"https:\/\/archivio.comune.potenza.it\/index.php?rest_route=\/wp\/v2\/users\/1"}],"replies":[{"embeddable":true,"href":"https:\/\/archivio.comune.potenza.it\/index.php?rest_route=%2Fwp%2Fv2%2Fcomments&post=8650"}],"version-history":[{"count":0,"href":"https:\/\/archivio.comune.potenza.it\/index.php?rest_route=\/wp\/v2\/posts\/8650\/revisions"}],"wp:attachment":[{"href":"https:\/\/archivio.comune.potenza.it\/index.php?rest_route=%2Fwp%2Fv2%2Fmedia&parent=8650"}],"wp:term":[{"taxonomy":"category","embeddable":true,"href":"https:\/\/archivio.comune.potenza.it\/index.php?rest_route=%2Fwp%2Fv2%2Fcategories&post=8650"},{"taxonomy":"post_tag","embeddable":true,"href":"https:\/\/archivio.comune.potenza.it\/index.php?rest_route=%2Fwp%2Fv2%2Ftags&post=8650"}],"curies":[{"name":"wp","href":"https:\/\/api.w.org\/{rel}","templated":true}]}}