{"id":8654,"date":"2013-12-16T13:15:46","date_gmt":"2013-12-16T12:15:46","guid":{"rendered":"http:\/\/archivio.comune.potenza.it\/comune_wp\/?p=8654"},"modified":"2013-12-16T13:15:46","modified_gmt":"2013-12-16T12:15:46","slug":"rocco-fiore-partito-democratico-primarie-di-matteo-renzi","status":"publish","type":"post","link":"https:\/\/archivio.comune.potenza.it\/?p=8654","title":{"rendered":"Rocco Fiore (Partito Democratico): Primarie di Matteo Renzi"},"content":{"rendered":"<p>Il 30 agosto dello scorso anno, io e pochi altri amici lucani con grande entusiasmo accogliemmo Matteo Renzi nella sua prima visita in Basilicata in occasione della presentazione del suo libro.<\/p>\n<p>Dopo circa 15 mesi quell\u2019entusiasmo nel sostenere le sue idee e le sue battaglie, quel desiderio di rinnovamento quella voglia di cambiare le cose hanno avuto la meglio ed anche in Basilicata come nel resto del Paese si avvera il sogno di cambiare verso al PD e con esso alle sorti della nostra penisola.<\/p>\n<p>Sono stati mesi lunghi, duri e difficili, quando in assoluta solitudine con tanti amici sparsi sull\u2019intero territorio regionale quasi come marziani rispetto all\u2019intero apparato del PD regionale lavorammo con costanza nel diffondere e condividere le ragione di colui che oggi \u00e8 il nuovo segretario nazionale del Partito.<\/p>\n<p>Sono sorprendenti e per certi versi emozionanti i dati emersi dalle urne delle primarie dello scorso 8 dicembre, la straordinaria affermazione di Matteo nella quasi totalit\u00e0 dei comuni della regione come nella mia amata citt\u00e0 di Potenza \u00e8 la definitiva affermazione di quanto non furono vani gli sforzi profusi da mesi e di quanto quelle ragioni, apparentemente isolate e minoritarie, erano invece valide e dirompenti.<\/p>\n<p>Per me \u00e8 motivo di grande soddisfazione prendere atto dell\u2019enorme convergenza di importanti esponenti del partito e delle istituzioni sulla candidatura di Matteo Renzi e di essere riusciti cos\u00ec ad allineare il sentire ed il desiderio dei lucani con quello di tutte le altre regioni italiane.<\/p>\n<p>Adesso occorre urgentemente ripiegarsi sulle questioni prioritarie per la ripresa economica e occupazionale della nostra regione, nella consapevolezza che si cambia verso non solo realizzando rinnovamento ma anche attraverso il ricorso ad un nuovo metodo di fare politica dove meritocrazia, opportunit\u00e0, professionalit\u00e0 e competenze siano punti cardini delle scelte future.<\/p>\n<p>Basta a piccoli inciuci e ad accordi di palazzo, \u00e8 giunto il momento di consentire ad una nuova generazione politica di provare, assumendosene le responsabilit\u00e0, a migliorare le cose con un protagonismo ormai non pi\u00f9 procrastinabile.<\/p>\n<p>Occorre coraggio nelle scelte che saremo tutti, ai vari livelli, chiamati a fare abbandonando vecchi schemi e scenari divenuti ormai innaturali rispetto al momento storico che viviamo.<\/p>\n<p>E\u2019 cambiato il consenso attorno a Matteo Renzi ma le sue idee e le battaglie sono immutate rispetto a quelle di un anno fa, quando il sindaco di Firenze perse le primarie per la premiership continuando per\u00f2 a lavorare con costanza nell\u2019interesse del PD e del Paese.<\/p>\n<p>Solo attraverso un nuovo e grande partito democratico sar\u00e0 possibile incidere sull\u2019agenda del Governo per cambiare e migliorare le sorti dell\u2019Italia.<\/p>\n<p>Subito dopo l\u2019assemblea nazionale del PD di domenica a Milano ci riuniremo, tutti i cosiddetti \u201crenziani della prima ora\u201d per analizzare il risultato delle primarie e lavorare all\u2019agenda dei prossimi appuntamenti politici, a partire dai congressi locali e regionale e contribuire cos\u00ec a costruire un nuovo partito democratico anche in Basilicata ed una stagione necessaria ripresa e di crescita per i nostri territori.<\/p>\n","protected":false},"excerpt":{"rendered":"<p>Il 30 agosto dello scorso anno, io e pochi altri amici lucani con grande entusiasmo accogliemmo Matteo Renzi nella sua prima visita in Basilicata in &#8230; <\/p>\n","protected":false},"author":1,"featured_media":0,"comment_status":"closed","ping_status":"closed","sticky":false,"template":"single-sidebar.php","format":"standard","meta":{"footnotes":""},"categories":[384],"tags":[],"class_list":["post-8654","post","type-post","status-publish","format-standard","hentry","category-c243-comunicati-stampa-dei-consiglieri-243"],"_links":{"self":[{"href":"https:\/\/archivio.comune.potenza.it\/index.php?rest_route=\/wp\/v2\/posts\/8654"}],"collection":[{"href":"https:\/\/archivio.comune.potenza.it\/index.php?rest_route=\/wp\/v2\/posts"}],"about":[{"href":"https:\/\/archivio.comune.potenza.it\/index.php?rest_route=\/wp\/v2\/types\/post"}],"author":[{"embeddable":true,"href":"https:\/\/archivio.comune.potenza.it\/index.php?rest_route=\/wp\/v2\/users\/1"}],"replies":[{"embeddable":true,"href":"https:\/\/archivio.comune.potenza.it\/index.php?rest_route=%2Fwp%2Fv2%2Fcomments&post=8654"}],"version-history":[{"count":0,"href":"https:\/\/archivio.comune.potenza.it\/index.php?rest_route=\/wp\/v2\/posts\/8654\/revisions"}],"wp:attachment":[{"href":"https:\/\/archivio.comune.potenza.it\/index.php?rest_route=%2Fwp%2Fv2%2Fmedia&parent=8654"}],"wp:term":[{"taxonomy":"category","embeddable":true,"href":"https:\/\/archivio.comune.potenza.it\/index.php?rest_route=%2Fwp%2Fv2%2Fcategories&post=8654"},{"taxonomy":"post_tag","embeddable":true,"href":"https:\/\/archivio.comune.potenza.it\/index.php?rest_route=%2Fwp%2Fv2%2Ftags&post=8654"}],"curies":[{"name":"wp","href":"https:\/\/api.w.org\/{rel}","templated":true}]}}