{"id":8655,"date":"2013-12-16T13:16:52","date_gmt":"2013-12-16T12:16:52","guid":{"rendered":"http:\/\/archivio.comune.potenza.it\/comune_wp\/?p=8655"},"modified":"2013-12-16T13:16:52","modified_gmt":"2013-12-16T12:16:52","slug":"gianpaolo-carretta-partito-democratico-cordoglio-per-morte-avv-potenza","status":"publish","type":"post","link":"https:\/\/archivio.comune.potenza.it\/?p=8655","title":{"rendered":"Gianpaolo Carretta (Partito Democratico): Cordoglio per morte Avv. Potenza"},"content":{"rendered":"<p>Con la scomparsa dell&#8217;ex Sindaco Avv. Domenico Potenza, la citt\u00e0 perde una grande persona, un uomo rispettabilissimo, esempio di onest\u00e0 e seriet\u00e0, che ha svolto in modo egregio il suo mandato di primo cittadino in un periodo non facile per il nostro Capoluogo di Regione, riuscendo con impegno e abnegazione a risanare e riorganizzare gli Uffici comunali.<\/p>\n<p>Il Capogruppo, Gianpaolo Carretta, si unisce, insieme ai consiglieri del Partito Democratico, al cordoglio di tutta la citt\u00e0 di Potenza, esprimendo il suo dolore per questa grave perdita e porgendo le sue pi\u00f9 sentite condoglianze ai familiari.<\/p>\n","protected":false},"excerpt":{"rendered":"<p>Con la scomparsa dell&#8217;ex Sindaco Avv. Domenico Potenza, la citt\u00e0 perde una grande persona, un uomo rispettabilissimo, esempio di onest\u00e0 e seriet\u00e0, che ha svolto &#8230; <\/p>\n","protected":false},"author":1,"featured_media":0,"comment_status":"closed","ping_status":"closed","sticky":false,"template":"single-sidebar.php","format":"standard","meta":{"footnotes":""},"categories":[384],"tags":[],"class_list":["post-8655","post","type-post","status-publish","format-standard","hentry","category-c243-comunicati-stampa-dei-consiglieri-243"],"_links":{"self":[{"href":"https:\/\/archivio.comune.potenza.it\/index.php?rest_route=\/wp\/v2\/posts\/8655"}],"collection":[{"href":"https:\/\/archivio.comune.potenza.it\/index.php?rest_route=\/wp\/v2\/posts"}],"about":[{"href":"https:\/\/archivio.comune.potenza.it\/index.php?rest_route=\/wp\/v2\/types\/post"}],"author":[{"embeddable":true,"href":"https:\/\/archivio.comune.potenza.it\/index.php?rest_route=\/wp\/v2\/users\/1"}],"replies":[{"embeddable":true,"href":"https:\/\/archivio.comune.potenza.it\/index.php?rest_route=%2Fwp%2Fv2%2Fcomments&post=8655"}],"version-history":[{"count":0,"href":"https:\/\/archivio.comune.potenza.it\/index.php?rest_route=\/wp\/v2\/posts\/8655\/revisions"}],"wp:attachment":[{"href":"https:\/\/archivio.comune.potenza.it\/index.php?rest_route=%2Fwp%2Fv2%2Fmedia&parent=8655"}],"wp:term":[{"taxonomy":"category","embeddable":true,"href":"https:\/\/archivio.comune.potenza.it\/index.php?rest_route=%2Fwp%2Fv2%2Fcategories&post=8655"},{"taxonomy":"post_tag","embeddable":true,"href":"https:\/\/archivio.comune.potenza.it\/index.php?rest_route=%2Fwp%2Fv2%2Ftags&post=8655"}],"curies":[{"name":"wp","href":"https:\/\/api.w.org\/{rel}","templated":true}]}}