{"id":8656,"date":"2013-12-16T13:17:51","date_gmt":"2013-12-16T12:17:51","guid":{"rendered":"http:\/\/archivio.comune.potenza.it\/comune_wp\/?p=8656"},"modified":"2013-12-16T13:17:51","modified_gmt":"2013-12-16T12:17:51","slug":"giuseppe-molinari-gruppo-molinari-sider-potenza","status":"publish","type":"post","link":"https:\/\/archivio.comune.potenza.it\/?p=8656","title":{"rendered":"Giuseppe Molinari (Gruppo Molinari): Sider Potenza"},"content":{"rendered":"<p>Secondo il consigliere comunale di Potenza Giuseppe Molinari \u201calla luce delle recenti notizie sui risultati delle Arpa di Basilicata e Puglia sulle emissioni della Sider Potenza \u00e8 necessario che il primo cittadino della citt\u00e0 capoluogo venga a relazionare in sesta commissione su quanto ha gi\u00e0 evidenziato in sede di Regione Basilicata. Il tema \u00e8 quanto mai delicato e pi\u00f9 volte \u00e8 stato portato all&#8217;attenzione da cittadini, comitati di quartiere, dalle associazioni ambientaliste e dai consiglieri comunali di opposizione\u201d.<\/p>\n<p>\u201cIl sindaco deve spiegare in dettaglio -continua Molinari- quale sia attualmente la situazione tenendo conto che la gravit\u00e0 dei dati sull&#8217;inquinamento si aggiungono alle rassicurazioni fornite in merito in tutti questi anni in cui, invece, molti temevano che la produzione della Sider stesse mettendo in pericolo la salute dei cittadini. Per questo chieder\u00f2 l&#8217;audizione del sindaco nella commissione competente\u201d.<\/p>\n<p>\u201cQuesto- evidenzia Molinari- \u00e8 un problema che va affrontato in maniera immediata attraverso un ruolo attivo del Consiglio comunale ed il coinvolgimento di tutti i soggetti che sono interessati alla questione\u201d.<\/p>\n","protected":false},"excerpt":{"rendered":"<p>Secondo il consigliere comunale di Potenza Giuseppe Molinari \u201calla luce delle recenti notizie sui risultati delle Arpa di Basilicata e Puglia sulle emissioni della Sider &#8230; <\/p>\n","protected":false},"author":1,"featured_media":0,"comment_status":"closed","ping_status":"closed","sticky":false,"template":"single-sidebar.php","format":"standard","meta":{"footnotes":""},"categories":[384],"tags":[],"class_list":["post-8656","post","type-post","status-publish","format-standard","hentry","category-c243-comunicati-stampa-dei-consiglieri-243"],"_links":{"self":[{"href":"https:\/\/archivio.comune.potenza.it\/index.php?rest_route=\/wp\/v2\/posts\/8656"}],"collection":[{"href":"https:\/\/archivio.comune.potenza.it\/index.php?rest_route=\/wp\/v2\/posts"}],"about":[{"href":"https:\/\/archivio.comune.potenza.it\/index.php?rest_route=\/wp\/v2\/types\/post"}],"author":[{"embeddable":true,"href":"https:\/\/archivio.comune.potenza.it\/index.php?rest_route=\/wp\/v2\/users\/1"}],"replies":[{"embeddable":true,"href":"https:\/\/archivio.comune.potenza.it\/index.php?rest_route=%2Fwp%2Fv2%2Fcomments&post=8656"}],"version-history":[{"count":0,"href":"https:\/\/archivio.comune.potenza.it\/index.php?rest_route=\/wp\/v2\/posts\/8656\/revisions"}],"wp:attachment":[{"href":"https:\/\/archivio.comune.potenza.it\/index.php?rest_route=%2Fwp%2Fv2%2Fmedia&parent=8656"}],"wp:term":[{"taxonomy":"category","embeddable":true,"href":"https:\/\/archivio.comune.potenza.it\/index.php?rest_route=%2Fwp%2Fv2%2Fcategories&post=8656"},{"taxonomy":"post_tag","embeddable":true,"href":"https:\/\/archivio.comune.potenza.it\/index.php?rest_route=%2Fwp%2Fv2%2Ftags&post=8656"}],"curies":[{"name":"wp","href":"https:\/\/api.w.org\/{rel}","templated":true}]}}