{"id":8669,"date":"2013-12-19T10:30:06","date_gmt":"2013-12-19T09:30:06","guid":{"rendered":"http:\/\/archivio.comune.potenza.it\/comune_wp\/?p=8669"},"modified":"2013-12-19T10:30:06","modified_gmt":"2013-12-19T09:30:06","slug":"gianpaolo-carretta-partito-democratico-dati-allarmanti-su-sider-potenza","status":"publish","type":"post","link":"https:\/\/archivio.comune.potenza.it\/?p=8669","title":{"rendered":"Gianpaolo Carretta (Partito Democratico): Dati allarmanti su Sider Potenza"},"content":{"rendered":"<p>Le verifiche sull&#8217;impatto ambientale e sull&#8217;inquinamento atmosferico effettuate dall&#8217;Arpab nell&#8217;area SiderPotenza hanno opportunamente allertato l&#8217;Amministrazione comunale, che, in un primo incontro presso il Dipartimento Ambiente della Regione, ed in un secondo presso la sede comunale, ha evidenziato che si devono attendere i dati della 3\u00aa campagna di rilevamento attualmente in corso per valutare, in modo attento e puntuale, la situazione che interessa la zona in questione che, come ben sappiamo, \u00e8 completamente a ridosso del centro cittadino.<\/p>\n<p>Condividiamo pienamente le decisioni adottate all&#8217;unanimit\u00e0 nella VI Commissione consiliare, ove il Sindaco di Potenza \u00e8 stato udito e nella quale \u00e8 stata espressa la necessit\u00e0 di far partire immediatamente ulteriori controlli al camino dello stabilimento, di prolungare la campagna di monitoraggio per almeno un anno, di investire l&#8217;Istituto Superiore di Sanit\u00e0 e l&#8217;ISPRA, affinch\u00e9 esprimano un parere sui dati forniti dall&#8217;Arpab e di nominare un esperto\u00a0 che segua l&#8217;intera vicenda, attendendo naturalmente di conoscere al pi\u00f9 presto i dati della terza campagna di monitoraggio, che saranno pronti a fine gennaio.<\/p>\n<p>Prendiamo atto e condividiamo la nota a firma del Sindaco, indirizzata al Capo del Dipartimento Sanit\u00e0 Pubblica della Facolt\u00e0 di Medicina e Chirurgia della Universit\u00e0 Federico II di Napoli, con la quale \u00e8 stata proposta una convenzione finalizzata ad una valutazione, sotto il profilo sanitario, dei risultati disponibili e di quelli che lo saranno nell\u2019immediato futuro, a tutela, dunque, dell&#8217;intera citt\u00e0 e delle zone limitrofe, al fine di evitare, anche qui in Basilicata, conseguenze dannose per la salute.<\/p>\n<p>Chiediamo a gran voce che la situazione venga quotidianamente monitorata, a tutela della salute pubblica dei residenti e dell&#8217;intera comunit\u00e0 cittadina.<\/p>\n<p>La notizia, di alcuni mesi fa, inoltre, del possibile ampliamento dell&#8217;impianto della SiderPotenza, richiesto dalla societ\u00e0 Ferriere Nord, attraverso l&#8217;inglobamento delle aree limitrofe dell&#8217;ex Liquigas ed ex Mondial Piston-Mahle, ci aveva gi\u00e0 allarmato per la diffusione di altri possibili agenti inquinanti, che potrebbero contribuire ad aumentare il livello di contaminazione.<\/p>\n<p>\u00c8 assolutamente doveroso effettuare tutti gli approfondimenti necessari per ottenere risposte certe sui livelli delle sostanze tossiche presenti nell&#8217;ambiente, perch\u00e9, se la legislazione italiana \u00e8 ancora troppo permissiva\u00a0 sull&#8217;applicazione dei limiti da non superare e l&#8217;Autorizzazione integrata ambientale (Aia) rassicura che, per il momento, non siamo fuori da tali parametri, i valori guida internazionali, pi\u00f9 fiscali, ci inducono a pensare che non bisogna sottovalutare un&#8217;eventuale possibilit\u00e0 di rischio.\u00a0\u00a0<\/p>\n","protected":false},"excerpt":{"rendered":"<p>Le verifiche sull&#8217;impatto ambientale e sull&#8217;inquinamento atmosferico effettuate dall&#8217;Arpab nell&#8217;area SiderPotenza hanno opportunamente allertato l&#8217;Amministrazione comunale, che, in un primo incontro presso il Dipartimento Ambiente &#8230; <\/p>\n","protected":false},"author":1,"featured_media":0,"comment_status":"closed","ping_status":"closed","sticky":false,"template":"single-sidebar.php","format":"standard","meta":{"footnotes":""},"categories":[384],"tags":[],"class_list":["post-8669","post","type-post","status-publish","format-standard","hentry","category-c243-comunicati-stampa-dei-consiglieri-243"],"_links":{"self":[{"href":"https:\/\/archivio.comune.potenza.it\/index.php?rest_route=\/wp\/v2\/posts\/8669"}],"collection":[{"href":"https:\/\/archivio.comune.potenza.it\/index.php?rest_route=\/wp\/v2\/posts"}],"about":[{"href":"https:\/\/archivio.comune.potenza.it\/index.php?rest_route=\/wp\/v2\/types\/post"}],"author":[{"embeddable":true,"href":"https:\/\/archivio.comune.potenza.it\/index.php?rest_route=\/wp\/v2\/users\/1"}],"replies":[{"embeddable":true,"href":"https:\/\/archivio.comune.potenza.it\/index.php?rest_route=%2Fwp%2Fv2%2Fcomments&post=8669"}],"version-history":[{"count":0,"href":"https:\/\/archivio.comune.potenza.it\/index.php?rest_route=\/wp\/v2\/posts\/8669\/revisions"}],"wp:attachment":[{"href":"https:\/\/archivio.comune.potenza.it\/index.php?rest_route=%2Fwp%2Fv2%2Fmedia&parent=8669"}],"wp:term":[{"taxonomy":"category","embeddable":true,"href":"https:\/\/archivio.comune.potenza.it\/index.php?rest_route=%2Fwp%2Fv2%2Fcategories&post=8669"},{"taxonomy":"post_tag","embeddable":true,"href":"https:\/\/archivio.comune.potenza.it\/index.php?rest_route=%2Fwp%2Fv2%2Ftags&post=8669"}],"curies":[{"name":"wp","href":"https:\/\/api.w.org\/{rel}","templated":true}]}}