{"id":8702,"date":"2013-12-27T07:53:35","date_gmt":"2013-12-27T06:53:35","guid":{"rendered":"http:\/\/archivio.comune.potenza.it\/comune_wp\/?p=8702"},"modified":"2013-12-27T07:53:35","modified_gmt":"2013-12-27T06:53:35","slug":"gianpaolo-carretta-partito-democratico-progetto-conai","status":"publish","type":"post","link":"https:\/\/archivio.comune.potenza.it\/?p=8702","title":{"rendered":"Gianpaolo Carretta (Partito Democratico): Progetto CONAI"},"content":{"rendered":"<p>L\u2019approvazione da parte della Giunta Regionale di Basilicata, avvenuta circa un anno fa, del tanto atteso finanziamento di circa 9 milioni di euro da investire nel progetto per lo sviluppo della raccolta differenziata dei rifiuti solidi urbani nell\u2019area metropolitana di Potenza, \u00e8 finalmente giunta alla pubblicazione a breve del bando, facendoci ben sperare nella soluzione del problema dello smaltimento dei rifiuti, mettendo finalmente in campo una nuova strategia di raccolta e differenziazione, che \u00e8 gi\u00e0 stata ben avviata dal nuovo management dell&#8217;Acta.<\/p>\n<p>Il bando riguardante esclusivamente il servizio nella citt\u00e0 di Potenza sar\u00e0 distinto da quello riguardante i nove comuni dell&#8217;area metropolitana, con Potenza sempre come capofila.<\/p>\n<p>Alla citt\u00e0 saranno forniti nuovi cassonetti ed automezzi e verranno realizzate piattaforme ecologiche per favorire anche lo sviluppo della raccolta differenziata dei rifiuti di imballaggio.<\/p>\n<p>Pur rimanendo, nel nostro comune, le questioni da affrontare sempre quelle di ordine strategico, incrociando le competenze provinciali con quelle regionali, come la riconversione dell\u2019inceneritore in termovalorizzatore di nuova generazione, l\u2019ampliamento della discarica di Pallareta o la realizzazione di una nuova che possa servire il bacino di Potenza centro, la sensibilizzazione dei cittadini, l\u2019educazione al saper raccogliere e separare i rifiuti, attraverso le varie campagne promosse dall\u2019Acta, sembrano essere ben percepite e finalizzate a migliorare oltremodo la qualit\u00e0 del servizio nella citt\u00e0.<\/p>\n<p>Ricordiamo che, nonostante le note difficolt\u00e0 economiche, l&#8217;Amministrazione comunale di Potenza si \u00e8 sempre impegnata per l&#8217;innalzamento e la qualit\u00e0 del servizio e, pur naturalmente auspicando risultati sempre migliori, siamo certi che, con l&#8217;avvio del Progetto Conai, aumenter\u00e0 notevolmente la percentuale della raccolta differenziata, che, per il momento si attesta intorno al 25-27 per cento.<\/p>\n","protected":false},"excerpt":{"rendered":"<p>L\u2019approvazione da parte della Giunta Regionale di Basilicata, avvenuta circa un anno fa, del tanto atteso finanziamento di circa 9 milioni di euro da investire &#8230; <\/p>\n","protected":false},"author":1,"featured_media":0,"comment_status":"closed","ping_status":"closed","sticky":false,"template":"single-sidebar.php","format":"standard","meta":{"footnotes":""},"categories":[384],"tags":[],"class_list":["post-8702","post","type-post","status-publish","format-standard","hentry","category-c243-comunicati-stampa-dei-consiglieri-243"],"_links":{"self":[{"href":"https:\/\/archivio.comune.potenza.it\/index.php?rest_route=\/wp\/v2\/posts\/8702"}],"collection":[{"href":"https:\/\/archivio.comune.potenza.it\/index.php?rest_route=\/wp\/v2\/posts"}],"about":[{"href":"https:\/\/archivio.comune.potenza.it\/index.php?rest_route=\/wp\/v2\/types\/post"}],"author":[{"embeddable":true,"href":"https:\/\/archivio.comune.potenza.it\/index.php?rest_route=\/wp\/v2\/users\/1"}],"replies":[{"embeddable":true,"href":"https:\/\/archivio.comune.potenza.it\/index.php?rest_route=%2Fwp%2Fv2%2Fcomments&post=8702"}],"version-history":[{"count":0,"href":"https:\/\/archivio.comune.potenza.it\/index.php?rest_route=\/wp\/v2\/posts\/8702\/revisions"}],"wp:attachment":[{"href":"https:\/\/archivio.comune.potenza.it\/index.php?rest_route=%2Fwp%2Fv2%2Fmedia&parent=8702"}],"wp:term":[{"taxonomy":"category","embeddable":true,"href":"https:\/\/archivio.comune.potenza.it\/index.php?rest_route=%2Fwp%2Fv2%2Fcategories&post=8702"},{"taxonomy":"post_tag","embeddable":true,"href":"https:\/\/archivio.comune.potenza.it\/index.php?rest_route=%2Fwp%2Fv2%2Ftags&post=8702"}],"curies":[{"name":"wp","href":"https:\/\/api.w.org\/{rel}","templated":true}]}}