{"id":8703,"date":"2013-12-27T07:54:34","date_gmt":"2013-12-27T06:54:34","guid":{"rendered":"http:\/\/archivio.comune.potenza.it\/comune_wp\/?p=8703"},"modified":"2013-12-27T07:54:34","modified_gmt":"2013-12-27T06:54:34","slug":"nicola-becce-popolo-della-liberta-cotrab","status":"publish","type":"post","link":"https:\/\/archivio.comune.potenza.it\/?p=8703","title":{"rendered":"Nicola Becce (Popolo della Libert\u00e0): COTRAB"},"content":{"rendered":"<p>Come se nulla fosse, la citt\u00e0 di Potenza continua a \u201csopportare\u201d una gestione del trasporto pubblico che definire anomala \u00e8 poco. Una storia iniziata circa otto anni fa e rispetto alla quale non c&#8217;\u00e8 un pizzico di chiarezza n\u00e9 sulle cifre n\u00e9 sui progetti. Dopo una lunga e complessa trattativa la Cotrab, azienda titolare di un contratto di servizio per il trasporto pubblico ha sottoscritto \u2013 cos\u00ec ha fatto sapere l&#8217;Amministrazione comunale &#8211; l\u2019intesa secondo cui si impegna a non ricorrere pi\u00f9 a contratti di lavoro precari per garantire la corretta erogazione dei servizi. Tutto questo dopo un tira e molla durato alcuni giorni, in cui l&#8217;azienda aveva persino ventilato la sospensione del servizio. Sul perch\u00e8 Cotrab pagato profumatamente grazie al metodo \u201ca pi\u00e8 di lista\u201d, avrebbe deciso un simile aut aut resta ancora oggi un mistero gaudioso. Quel che \u00e8 certo \u00e8 che dopo quasi dieci anni il Comune non ha ancora bandito la gara per l\u2019appalto del servizio continuando nel regime di proroga al Cotrab.I ricavi \u2013 secondo quanto letto sui giornali da alcune dichiarazioni \u2013 sarebbero persino superiori ai costi sostenuti senza contare che il\u00a0 contratto per il 2013\u00a0 fisserebbe ulteriori utili. Ma a quanto ammontano gli utili del Cotrab? Perch\u00e8 i bilanci non vengono resi pubblici al fine di valutare gli effettivi introiti da parte del Comune di Potenza? Su tutta la vicenda va fatta chiarezza. Andrebbe anzitutto ricostruito come e perch\u00e8 otto anni fa \u2013 non appena diventato sindaco &#8211; Santarsiero affid\u00f2 l\u2019appalto per la gestione dei trasporti pubblici della citt\u00e0 alla COTRAB, oggi in mano al dirigente, Ing. Giulio Ferrara, con l\u2019impegno che l\u2019affidamento sarebbe durato per soli 6 mesi, termine dopo il quale sarebbe stato indetto un bando di gara a cui avrebbero dovuto concorrere diverse societ\u00e0. I numeri dicono che qualcosa non torna. Nel 2004, con l&#8217;Amministrazione Fierro, a vincere la gara d\u2019appalto fu la S.T.I., per 5 milioni di euro. Due anni dopo \u2013 per cause non del tutto chiare \u2013 l&#8217;appalto pass\u00f2 alla COTRAB per 12 milioni di euro, che tra spese del personale e spese di gestione arrivano oggi a superare i 14 milioni. Un esborso non indifferente, visto che il Comune paga i compensi con fatture a pi\u00e8 di lista, senza nessun organo di controllo. E la citt\u00e0 deve fare i conti con un servizio di scarsissima qualit\u00e0 per un capoluogo di provincia, pi\u00f9 volte denunciato anche dai sindacati. E&#8217; forse arrivato il momento di fare chiarezza su tutto, iniziando dai conti e dal ruolo di chi dovrebbe controllare sui soldi pubblici che vengono erogati alla societ\u00e0.<\/p>\n","protected":false},"excerpt":{"rendered":"<p>Come se nulla fosse, la citt\u00e0 di Potenza continua a \u201csopportare\u201d una gestione del trasporto pubblico che definire anomala \u00e8 poco. Una storia iniziata circa &#8230; <\/p>\n","protected":false},"author":1,"featured_media":0,"comment_status":"closed","ping_status":"closed","sticky":false,"template":"single-sidebar.php","format":"standard","meta":{"footnotes":""},"categories":[384],"tags":[],"class_list":["post-8703","post","type-post","status-publish","format-standard","hentry","category-c243-comunicati-stampa-dei-consiglieri-243"],"_links":{"self":[{"href":"https:\/\/archivio.comune.potenza.it\/index.php?rest_route=\/wp\/v2\/posts\/8703"}],"collection":[{"href":"https:\/\/archivio.comune.potenza.it\/index.php?rest_route=\/wp\/v2\/posts"}],"about":[{"href":"https:\/\/archivio.comune.potenza.it\/index.php?rest_route=\/wp\/v2\/types\/post"}],"author":[{"embeddable":true,"href":"https:\/\/archivio.comune.potenza.it\/index.php?rest_route=\/wp\/v2\/users\/1"}],"replies":[{"embeddable":true,"href":"https:\/\/archivio.comune.potenza.it\/index.php?rest_route=%2Fwp%2Fv2%2Fcomments&post=8703"}],"version-history":[{"count":0,"href":"https:\/\/archivio.comune.potenza.it\/index.php?rest_route=\/wp\/v2\/posts\/8703\/revisions"}],"wp:attachment":[{"href":"https:\/\/archivio.comune.potenza.it\/index.php?rest_route=%2Fwp%2Fv2%2Fmedia&parent=8703"}],"wp:term":[{"taxonomy":"category","embeddable":true,"href":"https:\/\/archivio.comune.potenza.it\/index.php?rest_route=%2Fwp%2Fv2%2Fcategories&post=8703"},{"taxonomy":"post_tag","embeddable":true,"href":"https:\/\/archivio.comune.potenza.it\/index.php?rest_route=%2Fwp%2Fv2%2Ftags&post=8703"}],"curies":[{"name":"wp","href":"https:\/\/api.w.org\/{rel}","templated":true}]}}