{"id":8761,"date":"2014-01-17T09:19:27","date_gmt":"2014-01-17T08:19:27","guid":{"rendered":"http:\/\/archivio.comune.potenza.it\/comune_wp\/?p=8761"},"modified":"2014-01-17T09:19:27","modified_gmt":"2014-01-17T08:19:27","slug":"gianpaolo-carretta-partito-democratico-vicenda-nodo-complesso-del-gallitello","status":"publish","type":"post","link":"https:\/\/archivio.comune.potenza.it\/?p=8761","title":{"rendered":"Gianpaolo Carretta (Partito Democratico): Vicenda Nodo Complesso del Gallitello"},"content":{"rendered":"<p>Le polemiche sul Nodo Complesso del Gallitello non intaccano il lavoro che l\u2019Amministrazione sta portando avanti per il raggiungimento di una veloce risoluzione, che deve essere considerato l&#8217;obiettivo primario per assicurare alla comunit\u00e0 la fruizione di un bene strategico in tema di mobilit\u00e0 e viabilit\u00e0.<\/p>\n<p>Il Sindaco Santarsiero e l\u2019Assessore alla Viabilit\u00e0 Pesarini hanno sempre messo in campo tutte le possibili iniziative giuridico-procedurali per arrivare alla ripresa dei lavori e al completamento di questi, la cui realizzazione includer\u00e0 nuove aree di svincolo che miglioreranno la transitabilit\u00e0 e la viabilit\u00e0 in un\u2019area densamente trafficata, eliminando anche l\u2019annoso problema dell\u2019attraversamento del passaggio a livello, ricordando per\u00f2 che la prima causa di rallentamento \u00e8 stata dovuta all\u2019area archeologica emersa nel corso dei lavori.<\/p>\n<p>Appare inspiegabile aver ritenuto pi\u00f9 importante denunciare la difformit\u00e0 dei lavori del Nodo Complesso del Gallitello in una nota pubblicata su facebook, anzich\u00e9 informare le autorit\u00e0 competenti e la stessa l\u2019Amministrazione comunale di tutti gli elementi tecnici relativi ai lavori di questa importantissima opera pubblica.<\/p>\n<p>\u00c8 da apprezzare la nota formale inviata dal Sindaco per chiedere che siano messe in luce le deformit\u00e0 denunciate, che per\u00f2 non trovano alcun riscontro dalla direzione dei lavori, che ha invece garantito la perfetta conformit\u00e0 dell&#8217;opera in atto, rispetto agli elaborati progettuali depositati presso la competente struttura regionale.<\/p>\n<p>Si auspica, dunque, che, con i dovuti tempi tecnici e burocratici, l\u2019opera venga terminata il prima possibile, evitando inutili strumentalizzazioni, di cui inevitabilmente approfittano tutti coloro che non hanno realmente a cuore l&#8217;interesse del bene comune cittadino.<\/p>\n","protected":false},"excerpt":{"rendered":"<p>Le polemiche sul Nodo Complesso del Gallitello non intaccano il lavoro che l\u2019Amministrazione sta portando avanti per il raggiungimento di una veloce risoluzione, che deve &#8230; <\/p>\n","protected":false},"author":1,"featured_media":0,"comment_status":"closed","ping_status":"closed","sticky":false,"template":"single-sidebar.php","format":"standard","meta":{"footnotes":""},"categories":[384],"tags":[],"class_list":["post-8761","post","type-post","status-publish","format-standard","hentry","category-c243-comunicati-stampa-dei-consiglieri-243"],"_links":{"self":[{"href":"https:\/\/archivio.comune.potenza.it\/index.php?rest_route=\/wp\/v2\/posts\/8761"}],"collection":[{"href":"https:\/\/archivio.comune.potenza.it\/index.php?rest_route=\/wp\/v2\/posts"}],"about":[{"href":"https:\/\/archivio.comune.potenza.it\/index.php?rest_route=\/wp\/v2\/types\/post"}],"author":[{"embeddable":true,"href":"https:\/\/archivio.comune.potenza.it\/index.php?rest_route=\/wp\/v2\/users\/1"}],"replies":[{"embeddable":true,"href":"https:\/\/archivio.comune.potenza.it\/index.php?rest_route=%2Fwp%2Fv2%2Fcomments&post=8761"}],"version-history":[{"count":0,"href":"https:\/\/archivio.comune.potenza.it\/index.php?rest_route=\/wp\/v2\/posts\/8761\/revisions"}],"wp:attachment":[{"href":"https:\/\/archivio.comune.potenza.it\/index.php?rest_route=%2Fwp%2Fv2%2Fmedia&parent=8761"}],"wp:term":[{"taxonomy":"category","embeddable":true,"href":"https:\/\/archivio.comune.potenza.it\/index.php?rest_route=%2Fwp%2Fv2%2Fcategories&post=8761"},{"taxonomy":"post_tag","embeddable":true,"href":"https:\/\/archivio.comune.potenza.it\/index.php?rest_route=%2Fwp%2Fv2%2Ftags&post=8761"}],"curies":[{"name":"wp","href":"https:\/\/api.w.org\/{rel}","templated":true}]}}