{"id":8767,"date":"2014-01-20T08:48:39","date_gmt":"2014-01-20T07:48:39","guid":{"rendered":"http:\/\/archivio.comune.potenza.it\/comune_wp\/?p=8767"},"modified":"2014-01-20T08:48:39","modified_gmt":"2014-01-20T07:48:39","slug":"nicola-becce-popolo-della-liberta-carretta-e-le-sterili-difese-del-nodo-complesso-del-gallitello","status":"publish","type":"post","link":"https:\/\/archivio.comune.potenza.it\/?p=8767","title":{"rendered":"Nicola Becce (Popolo della Libert\u00e0): Carretta e le sterili difese del Nodo Complesso del Gallitello"},"content":{"rendered":"<p>Al &#8220;tuttoaposto&#8221; di Carretta siamo abituati. Da quasi cinque anni il capogruppo del Pd in Consiglio comunale ha abituato i cittadini e noi consiglieri a vedere sempre il bicchiere mezzo pieno, anche quando di acqua non ve n&#8217;\u00e8 proprio. E in ogni caso a are da cassa di risonanza alle esternazioni del sindaco o dell&#8217;assessore di turno. Anche questa volta non ha saputo resitere alla tentazione di prendere la parola e tranquillizzare tutti sull&#8217;imminente &#8211; ma questo lo dice solo lui &#8211; risoluzione dei lavori per i Nodo Complesso del Gallitello. Un&#8217;opera &#8211; \u00e8 inutile sottolinearlo &#8211; di vitale importanza per assicurare alla comunit\u00e0 la fruizione di un bene strategico in tema di mobilit\u00e0 e viabilit\u00e0. Eppure nonostante le polemiche su presunte difformit\u00e0 nei lavori ed un tam tam di comunicati tra il sindaco ed un tecnico che conosce dettagli significativi dell&#8217;opera, il capogruppo Pd sbandiera con un comunicato &#8216;urbi et orbi&#8217; che il Sindaco Santarsiero e l\u2019Assessore alla Viabilit\u00e0 Pesarini hanno sempre messo in campo tutte le possibili iniziative giuridico-procedurali per arrivare alla ripresa dei lavori e al completamento di questi, la cui realizzazione includer\u00e0 nuove aree di svincolo che miglioreranno la transitabilit\u00e0 e la viabilit\u00e0 in un\u2019area densamente trafficata, eliminando anche l\u2019annoso problema dell\u2019attraversamento del passaggio a livello, ricordando per\u00f2 che la prima causa di rallentamento \u00e8 stata dovuta all\u2019area archeologica emersa nel corso dei lavori. Non c&#8217;\u00e8 che dire: una ricostruzione perfetta e dettagliata degli ultimi anni. Ma la domanda \u00e8: il capogruppo Pd e quindi il partito di maggioranza relativa, il partito del sindaco e che esprime gran parte degli assessori in giunta anzich\u00e8 incensare e raccontare la storia del&#8217;opera pu\u00f2 dire con esattezza quando termineranno i lavori? La domanda non \u00e8 di poco conto, visto che tutti i potentini hanno ormai perduto la pazienza attorno ad una vicenda che seppur tra rallentamenti vari non determinati da specifica volont\u00e0 amministrativa, ha visto e continua a vedere specifiche responsabilit\u00e0 di Santarsiero e centrosinistra. E allora: invece di ribadire concetti vecchi e ormai caduti nel dimenticatoio, il consigliere Carretta, che la stampa locale d\u00e0 come probabile candidato sindaco della citt\u00e0 per le elezioni di aggio, dica ai suoi concittadini quando potranno finalmente evitare code assurde ne pressi del passaggio a livello. Sarebbe questa una vera notizia e non la solita litania dei tempi tecnici e burocratici, dello stucchevole &#8216;prima possibile&#8217;, e del ricorso alle strumentalizzazioni con annesso interesse del bene comune cittadino.\u00a0<\/p>\n","protected":false},"excerpt":{"rendered":"<p>Al &#8220;tuttoaposto&#8221; di Carretta siamo abituati. Da quasi cinque anni il capogruppo del Pd in Consiglio comunale ha abituato i cittadini e noi consiglieri a &#8230; <\/p>\n","protected":false},"author":1,"featured_media":0,"comment_status":"closed","ping_status":"closed","sticky":false,"template":"single-sidebar.php","format":"standard","meta":{"footnotes":""},"categories":[384],"tags":[],"class_list":["post-8767","post","type-post","status-publish","format-standard","hentry","category-c243-comunicati-stampa-dei-consiglieri-243"],"_links":{"self":[{"href":"https:\/\/archivio.comune.potenza.it\/index.php?rest_route=\/wp\/v2\/posts\/8767"}],"collection":[{"href":"https:\/\/archivio.comune.potenza.it\/index.php?rest_route=\/wp\/v2\/posts"}],"about":[{"href":"https:\/\/archivio.comune.potenza.it\/index.php?rest_route=\/wp\/v2\/types\/post"}],"author":[{"embeddable":true,"href":"https:\/\/archivio.comune.potenza.it\/index.php?rest_route=\/wp\/v2\/users\/1"}],"replies":[{"embeddable":true,"href":"https:\/\/archivio.comune.potenza.it\/index.php?rest_route=%2Fwp%2Fv2%2Fcomments&post=8767"}],"version-history":[{"count":0,"href":"https:\/\/archivio.comune.potenza.it\/index.php?rest_route=\/wp\/v2\/posts\/8767\/revisions"}],"wp:attachment":[{"href":"https:\/\/archivio.comune.potenza.it\/index.php?rest_route=%2Fwp%2Fv2%2Fmedia&parent=8767"}],"wp:term":[{"taxonomy":"category","embeddable":true,"href":"https:\/\/archivio.comune.potenza.it\/index.php?rest_route=%2Fwp%2Fv2%2Fcategories&post=8767"},{"taxonomy":"post_tag","embeddable":true,"href":"https:\/\/archivio.comune.potenza.it\/index.php?rest_route=%2Fwp%2Fv2%2Ftags&post=8767"}],"curies":[{"name":"wp","href":"https:\/\/api.w.org\/{rel}","templated":true}]}}