{"id":8783,"date":"2014-01-21T11:56:30","date_gmt":"2014-01-21T10:56:30","guid":{"rendered":"http:\/\/archivio.comune.potenza.it\/comune_wp\/?p=8783"},"modified":"2014-01-21T11:56:30","modified_gmt":"2014-01-21T10:56:30","slug":"gianpaolo-carretta-partito-democratico-mini-imu","status":"publish","type":"post","link":"https:\/\/archivio.comune.potenza.it\/?p=8783","title":{"rendered":"Gianpaolo Carretta (Partito Democratico): Mini IMU"},"content":{"rendered":"<p>Con l&#8217;avvicinarsi della scadenza del pagamento della mini Imu, dopo mesi di incertezze, nell&#8217;ambito della Legge di stabilit\u00e0, si \u00e8 giunti a considerare <strong>questa tassazione<\/strong> come una sorta di rimborso che lo Stato ha deciso di riconoscere ai comuni per l\u2019esenzione dal pagamento dell\u2019imposta sulla prima casa per il 2013.<\/p>\n<p>\u00c8 senz&#8217;altro dunque una tassazione dovuta e che va\u00a0versata dai contribuenti entro il 24 gennaio.<\/p>\n<p>L&#8217;aliquota della tassazione, per quanto riguarda la citt\u00e0 di Potenza, \u00e8 stata decisa in seno al Consiglio comunale, tenendo conto delle dovute differenze tra prima casa e relative pertinenze e tutte le altre unit\u00e0 immobiliari, e si riferisce alla seconda rata, visto che la prima \u00e8 stata abolita, calcolata come il 40% della differenza tra l&#8217;imposta calcolata con l&#8217;aliquota allo 0,6%, che \u00e8 quella stabilita dall&#8217;Amministrazione, e quella calcolata con l&#8217;aliquota base allo 0,4%, stabilita dallo Stato.<\/p>\n<p>Il Gruppo del Partito Democratico, proiettandosi gi\u00e0 verso la prossima consiliatura, porr\u00e0 una particolare attenzione sull&#8217;argomento e sar\u00e0 vigile, affinch\u00e9 il rimborso della mini Imu, avverr\u00e0 in termini di detrazione sulla Tasi 2014, nella misura pari al 40% delle maggiorazioni rispetto all&#8217;aliquota base del 0,4% sull&#8217;abitazione principale.<\/p>\n<p>\u00a0<\/p>\n","protected":false},"excerpt":{"rendered":"<p>Con l&#8217;avvicinarsi della scadenza del pagamento della mini Imu, dopo mesi di incertezze, nell&#8217;ambito della Legge di stabilit\u00e0, si \u00e8 giunti a considerare questa tassazione &#8230; <\/p>\n","protected":false},"author":1,"featured_media":0,"comment_status":"closed","ping_status":"closed","sticky":false,"template":"single-sidebar.php","format":"standard","meta":{"footnotes":""},"categories":[384],"tags":[],"class_list":["post-8783","post","type-post","status-publish","format-standard","hentry","category-c243-comunicati-stampa-dei-consiglieri-243"],"_links":{"self":[{"href":"https:\/\/archivio.comune.potenza.it\/index.php?rest_route=\/wp\/v2\/posts\/8783"}],"collection":[{"href":"https:\/\/archivio.comune.potenza.it\/index.php?rest_route=\/wp\/v2\/posts"}],"about":[{"href":"https:\/\/archivio.comune.potenza.it\/index.php?rest_route=\/wp\/v2\/types\/post"}],"author":[{"embeddable":true,"href":"https:\/\/archivio.comune.potenza.it\/index.php?rest_route=\/wp\/v2\/users\/1"}],"replies":[{"embeddable":true,"href":"https:\/\/archivio.comune.potenza.it\/index.php?rest_route=%2Fwp%2Fv2%2Fcomments&post=8783"}],"version-history":[{"count":0,"href":"https:\/\/archivio.comune.potenza.it\/index.php?rest_route=\/wp\/v2\/posts\/8783\/revisions"}],"wp:attachment":[{"href":"https:\/\/archivio.comune.potenza.it\/index.php?rest_route=%2Fwp%2Fv2%2Fmedia&parent=8783"}],"wp:term":[{"taxonomy":"category","embeddable":true,"href":"https:\/\/archivio.comune.potenza.it\/index.php?rest_route=%2Fwp%2Fv2%2Fcategories&post=8783"},{"taxonomy":"post_tag","embeddable":true,"href":"https:\/\/archivio.comune.potenza.it\/index.php?rest_route=%2Fwp%2Fv2%2Ftags&post=8783"}],"curies":[{"name":"wp","href":"https:\/\/api.w.org\/{rel}","templated":true}]}}