{"id":8799,"date":"2014-01-23T10:20:32","date_gmt":"2014-01-23T09:20:32","guid":{"rendered":"http:\/\/archivio.comune.potenza.it\/comune_wp\/?p=8799"},"modified":"2014-01-23T10:20:32","modified_gmt":"2014-01-23T09:20:32","slug":"gianpaolo-carretta-partito-democratico-in-attesa-della-tangenziale","status":"publish","type":"post","link":"https:\/\/archivio.comune.potenza.it\/?p=8799","title":{"rendered":"Gianpaolo Carretta (Partito Democratico): In attesa della Tangenziale"},"content":{"rendered":"<p>Una questione ancora insoluta resta quella della realizzazione della tangenziale sud-ovest Centomani-Dragonara, che fungerebbe da ottimo collegamento con zone della citt\u00e0 altamente frequentate dove sorgono gli Uffici della Regione Basilicata e numerosi edifici scolastici, nonch\u00e9 l\u2019area commerciale di Gallitello e il popoloso quartiere di Poggio Tre Galli.<\/p>\n<p>Anche il Gruppo del Partito Democratico vuole ricordare alla Provincia di Potenza e alla Regione Basilicata che il progetto \u00e8 gi\u00e0 stato definanziato dai fondi Fas per 14 milioni di euro, deviati sul completamento dell\u2019Oraziana.<\/p>\n<p>\u00c8 giunto, dunque, il momento di restituire alla nostra citt\u00e0 questo importante progetto, promesso dalla Provincia nella sua programmazione successiva, ma che ancora tarda a delinearsi, progetto gi\u00e0 previsto, a suo tempo, dal Piano urbano della mobilit\u00e0, che ancora fatica, per\u00f2, a trovare i dovuti canali di finanziamento.<\/p>\n<p>Si auspica, pertanto, che il Comune, la Provincia e la Regione Basilicata facciano fronte comune nel trovare i finanziamenti necessari per l\u2019attuazione di un\u2019opera necessaria alla viabilit\u00e0 urbana, a servizio non solo del capoluogo, ma anche del suo hinterland.<\/p>\n","protected":false},"excerpt":{"rendered":"<p>Una questione ancora insoluta resta quella della realizzazione della tangenziale sud-ovest Centomani-Dragonara, che fungerebbe da ottimo collegamento con zone della citt\u00e0 altamente frequentate dove sorgono &#8230; <\/p>\n","protected":false},"author":1,"featured_media":0,"comment_status":"closed","ping_status":"closed","sticky":false,"template":"single-sidebar.php","format":"standard","meta":{"footnotes":""},"categories":[384],"tags":[],"class_list":["post-8799","post","type-post","status-publish","format-standard","hentry","category-c243-comunicati-stampa-dei-consiglieri-243"],"_links":{"self":[{"href":"https:\/\/archivio.comune.potenza.it\/index.php?rest_route=\/wp\/v2\/posts\/8799"}],"collection":[{"href":"https:\/\/archivio.comune.potenza.it\/index.php?rest_route=\/wp\/v2\/posts"}],"about":[{"href":"https:\/\/archivio.comune.potenza.it\/index.php?rest_route=\/wp\/v2\/types\/post"}],"author":[{"embeddable":true,"href":"https:\/\/archivio.comune.potenza.it\/index.php?rest_route=\/wp\/v2\/users\/1"}],"replies":[{"embeddable":true,"href":"https:\/\/archivio.comune.potenza.it\/index.php?rest_route=%2Fwp%2Fv2%2Fcomments&post=8799"}],"version-history":[{"count":0,"href":"https:\/\/archivio.comune.potenza.it\/index.php?rest_route=\/wp\/v2\/posts\/8799\/revisions"}],"wp:attachment":[{"href":"https:\/\/archivio.comune.potenza.it\/index.php?rest_route=%2Fwp%2Fv2%2Fmedia&parent=8799"}],"wp:term":[{"taxonomy":"category","embeddable":true,"href":"https:\/\/archivio.comune.potenza.it\/index.php?rest_route=%2Fwp%2Fv2%2Fcategories&post=8799"},{"taxonomy":"post_tag","embeddable":true,"href":"https:\/\/archivio.comune.potenza.it\/index.php?rest_route=%2Fwp%2Fv2%2Ftags&post=8799"}],"curies":[{"name":"wp","href":"https:\/\/api.w.org\/{rel}","templated":true}]}}