{"id":8809,"date":"2014-01-25T13:42:32","date_gmt":"2014-01-25T12:42:32","guid":{"rendered":"http:\/\/archivio.comune.potenza.it\/comune_wp\/?p=8809"},"modified":"2014-01-25T13:42:32","modified_gmt":"2014-01-25T12:42:32","slug":"nicola-becce-popolo-della-liberta-nuovo-cimitero-di-potenza","status":"publish","type":"post","link":"https:\/\/archivio.comune.potenza.it\/?p=8809","title":{"rendered":"Nicola Becce (Popolo della Libert\u00e0): Nuovo cimitero di Potenza"},"content":{"rendered":"<p>A Potenza si rischia l&#8217;ennesima cattedrale nel deserto. Dopo il Nodo complesso del Gallitello di cui ancora non si conoscono tempi di conclusione dei lavori una nuova grana rischia dimettere in ginocchio la citt\u00e0. Da notizie apprese in vari modi pare che la societ\u00e0 Socomer srl, quella che ha realizzato il nuovo complesso cimiteriale starebbe puntando i piedi nei confronti dell&#8217;Amministrazione comunale mettendo in conto anche l&#8217;ipotesi di rescissione del contratto. Da conti fatti a circa un anno dall&#8217;inaugurazione di parte del nuovo cimitero, pare che la societ\u00e0 avrebbe notato nel numero di tumulazioni e nell&#8217;acquisto di loculi e cellette un andamento ben diverso da quello prospettato. Il motivo risiederebbe nella volont\u00e0 dell&#8217;Amministrazione comunale di\u00a0 realizzare nel vecchio cimitero di San Rocco loculi e spazi in ogni angolo del camposanto. Realt\u00e0 sotto gli occhi di tutti. Basta farsi un giro nel cimitero per rendersi conto della costruzione in luogo di scale e in ogni angolo delle precedenti strutture di nuovi spazi per le tumulazioni. Un criterio che va chiaramente a danneggiare la societ\u00e0 Socomer che ha realizzato il nuovo complesso. La domanda che i gestori della societ\u00e0 si pongono e rispetto alla quale anche noi ci interroghiamo \u00e8: ma se il Comune lamentava la carenza di spazi nel vecchio cimitero e dunque la necessit\u00e0 di costruire una nuova struttura, perch\u00e8 mai si continua ad occupare ogni spazio a San Rocco? Ecco perch\u00e8 \u00e8 necessario chiedere al sindaco e all&#8217;Amministrazione quali erano gli accordi iniziali, cosa \u00e8 cambiato negli ultimi mesi e soprattutto quanto \u00e8 lecito pesare che la societ\u00e0 Socomer potrebbe andar via, abbandonare la gestione e dunque creare un danno anche a tanti potentini che hanno investito dei soldi per l&#8217;acquisto di loculi, cappelle ed altro. Una questione di impellente urgenza, rispetto alla quale anche se in via d&#8217;uscita il sindaco Santarsiero deve fornire chiarimenti e rassicurazioni.<\/p>\n","protected":false},"excerpt":{"rendered":"<p>A Potenza si rischia l&#8217;ennesima cattedrale nel deserto. Dopo il Nodo complesso del Gallitello di cui ancora non si conoscono tempi di conclusione dei lavori &#8230; <\/p>\n","protected":false},"author":1,"featured_media":0,"comment_status":"closed","ping_status":"closed","sticky":false,"template":"single-sidebar.php","format":"standard","meta":{"footnotes":""},"categories":[384],"tags":[],"class_list":["post-8809","post","type-post","status-publish","format-standard","hentry","category-c243-comunicati-stampa-dei-consiglieri-243"],"_links":{"self":[{"href":"https:\/\/archivio.comune.potenza.it\/index.php?rest_route=\/wp\/v2\/posts\/8809"}],"collection":[{"href":"https:\/\/archivio.comune.potenza.it\/index.php?rest_route=\/wp\/v2\/posts"}],"about":[{"href":"https:\/\/archivio.comune.potenza.it\/index.php?rest_route=\/wp\/v2\/types\/post"}],"author":[{"embeddable":true,"href":"https:\/\/archivio.comune.potenza.it\/index.php?rest_route=\/wp\/v2\/users\/1"}],"replies":[{"embeddable":true,"href":"https:\/\/archivio.comune.potenza.it\/index.php?rest_route=%2Fwp%2Fv2%2Fcomments&post=8809"}],"version-history":[{"count":0,"href":"https:\/\/archivio.comune.potenza.it\/index.php?rest_route=\/wp\/v2\/posts\/8809\/revisions"}],"wp:attachment":[{"href":"https:\/\/archivio.comune.potenza.it\/index.php?rest_route=%2Fwp%2Fv2%2Fmedia&parent=8809"}],"wp:term":[{"taxonomy":"category","embeddable":true,"href":"https:\/\/archivio.comune.potenza.it\/index.php?rest_route=%2Fwp%2Fv2%2Fcategories&post=8809"},{"taxonomy":"post_tag","embeddable":true,"href":"https:\/\/archivio.comune.potenza.it\/index.php?rest_route=%2Fwp%2Fv2%2Ftags&post=8809"}],"curies":[{"name":"wp","href":"https:\/\/api.w.org\/{rel}","templated":true}]}}