{"id":8816,"date":"2014-01-27T13:53:30","date_gmt":"2014-01-27T12:53:30","guid":{"rendered":"http:\/\/archivio.comune.potenza.it\/comune_wp\/?p=8816"},"modified":"2014-01-27T13:53:30","modified_gmt":"2014-01-27T12:53:30","slug":"nicola-becce-popolo-della-liberta-impegno-politico","status":"publish","type":"post","link":"https:\/\/archivio.comune.potenza.it\/?p=8816","title":{"rendered":"Nicola Becce (Popolo della Libert\u00e0): Impegno politico"},"content":{"rendered":"<p style=\"background: white;\"><span style=\"font-family: 'Helvetica','sans-serif'; color: #373737; font-size: 11.5pt;\">Non si pu\u00f2 che prendere che il sottoscritto, il consigliere Fanelli, e tutto il gruppo di Forza Italia\u00a0 all\u2019opposizione in consiglio comunale di Potenza dal 2009, si presenta come l\u2019 unica credibile novit\u00e0 di rinnovamento della politica cittadina. Ribadisco con fermezza per non generare equivoci di sorta, che non \u00e8 certo mia intenzione dettare regole o fare il primo della classe, ma semplicemente riprendere in mano la ragione ultima del mio impegno politico cercare cio\u00e8 di provare ad aggregare le forze di opposizione attorno ad un progetto condiviso che permetta finalmente di cambiare il governo della citt\u00e0. E come me la pensano in tanti a Potenza. Se il confronto in atto con i civici parte dal \u201cse qualcuno vorr\u00e0 aggregarsi dovr\u00e0 farlo come persona togliendosi le vesti di partito subito\u2026,, della serie o si fa come vogliamo noi civici o niente, mi sembra che le regole del ipotetico progetto comune non le voglia certamente dettare Forza Italia. Ma non \u00e8 certo questo il momento di mettersi a fare sterile polemica che ancora una volta porterebbe ossigeno alla sinistra potentina che almeno con ben altro senso dell\u2019opportunit\u00e0 attorno al progetto manca \u00e8 pronta a tutto badando al sodo. Invece di partire dal tetto per costruire questa \u201ccasa comune\u201d che potrebbe candidarsi a Governare il territorio e considerato che vi \u00e8 la pi\u00f9 volte affermata comune volont\u00e0 di confrontarsi e parlare con i cittadini, bisogna partire dalle \u201cfondamenta\u201d, dai problemi dei potentini, da cosa non va nella citt\u00e0 e quali possono essere i punti per rilanciare veramente Potenza. E\u2019 quanto e nulla pi\u00f9 che FORZA ITALIA sta proponendo. FORZA ITALIA, continuer\u00e0 nella ricerca di questa unit\u00e0 ed \u00e8 disponibile a confrontarsi con tutti coloro che nella concretezza dei comportamenti quotidiani intendono veramente cambiare le cose a Potenza attraverso partiti, liste civiche, movimenti, ex consiglieri, consiglieri esperti, consiglieri neofiti, professionisti, lavoratori di ogni genere e settore e tutti quelli che vogliono bene, amano la nostra Citt\u00e0, e che per essa vogliono il meglio stanchi della \u201cdittatura democratica\u201d cui soggiacciono da troppo tempo. Tutto il resto sono solo inutili congetture che non mi appartengono.<\/span><\/p>\n","protected":false},"excerpt":{"rendered":"<p>Non si pu\u00f2 che prendere che il sottoscritto, il consigliere Fanelli, e tutto il gruppo di Forza Italia\u00a0 all\u2019opposizione in consiglio comunale di Potenza dal &#8230; <\/p>\n","protected":false},"author":1,"featured_media":0,"comment_status":"closed","ping_status":"closed","sticky":false,"template":"single-sidebar.php","format":"standard","meta":{"footnotes":""},"categories":[384],"tags":[],"class_list":["post-8816","post","type-post","status-publish","format-standard","hentry","category-c243-comunicati-stampa-dei-consiglieri-243"],"_links":{"self":[{"href":"https:\/\/archivio.comune.potenza.it\/index.php?rest_route=\/wp\/v2\/posts\/8816"}],"collection":[{"href":"https:\/\/archivio.comune.potenza.it\/index.php?rest_route=\/wp\/v2\/posts"}],"about":[{"href":"https:\/\/archivio.comune.potenza.it\/index.php?rest_route=\/wp\/v2\/types\/post"}],"author":[{"embeddable":true,"href":"https:\/\/archivio.comune.potenza.it\/index.php?rest_route=\/wp\/v2\/users\/1"}],"replies":[{"embeddable":true,"href":"https:\/\/archivio.comune.potenza.it\/index.php?rest_route=%2Fwp%2Fv2%2Fcomments&post=8816"}],"version-history":[{"count":0,"href":"https:\/\/archivio.comune.potenza.it\/index.php?rest_route=\/wp\/v2\/posts\/8816\/revisions"}],"wp:attachment":[{"href":"https:\/\/archivio.comune.potenza.it\/index.php?rest_route=%2Fwp%2Fv2%2Fmedia&parent=8816"}],"wp:term":[{"taxonomy":"category","embeddable":true,"href":"https:\/\/archivio.comune.potenza.it\/index.php?rest_route=%2Fwp%2Fv2%2Fcategories&post=8816"},{"taxonomy":"post_tag","embeddable":true,"href":"https:\/\/archivio.comune.potenza.it\/index.php?rest_route=%2Fwp%2Fv2%2Ftags&post=8816"}],"curies":[{"name":"wp","href":"https:\/\/api.w.org\/{rel}","templated":true}]}}